{"id":473,"date":"2008-08-31T13:31:00","date_gmt":"2008-08-31T13:31:00","guid":{"rendered":"http:\/\/erinnerungshort.de\/blog\/alte-bilder-gesucht"},"modified":"2013-08-17T19:44:58","modified_gmt":"2013-08-17T17:44:58","slug":"alte-bilder-gesucht","status":"publish","type":"post","link":"https:\/\/erinnerungshort.de\/blog\/alte-bilder-gesucht\/","title":{"rendered":"Alte Bilder gesucht"},"content":{"rendered":"<p>Bei der Arbeit an einem Artikel zu einem K\u00f6lner Museum wollten wir an   diesem Wochenende bei sch\u00f6nstem Sonnenschein aktuelle Fotos vom Museum   machen. Wollten &#8230; <\/p>\n<p \/>  Am Samstag waren wir zu sp\u00e4t da, die Sonne war schon zu weit &#8218;rum. Also   am Sonntagmorgen, die Sonne schien, um halb 8 aufgestanden, in die City   gefahren und &#8230; ein Neubau im Osten des Museums versperrte der Sonne   den Weg. Keine Chance auf sch\u00f6ne Bilder. Vermutlich f\u00fcr die n\u00e4chsten   Jahrzehnte nicht mehr &#8230; *grummel* <\/p>\n<p \/>  Ein halbes Jahr fr\u00fcher w\u00e4ren es noch grandiose Fotos geworden, da war   das Gel\u00e4nde \u00f6stlich vom Museum noch Brachland. <\/p>\n<p \/>  Was lernen wir daraus: Mach&#8216; Fotos, wenn sich die Gelegenheit bietet.   Auch wenn man sie im Moment nicht braucht. <\/p>\n<p \/>  Ein weiteres Problem ist die Schwierigkeit, Fotos aus dem 20.   Jahrhundert unter freier Lizenz zu erhalten. Also zu einer Zeit, als es   die Wikipedia noch nicht gab, die Digitalfotografie noch nicht   verbreitet war. Kurz: in der guten, alten, analogen Zeit [tm] wurde auch   viel fotografiert. <\/p>\n<p \/>  Also st\u00f6bert in den Bilderkisten eurer Eltern und Gro\u00dfeltern nach Fotos   von Geb\u00e4uden, Prominenten, Landschaften usw. Sprecht mit ihnen und   \u00fcberzeugt sie, die Fotos unter eine freie Lizenz zu stellen. <\/p>\n<p \/>  Wenn ihr Hilfe beim Scannen braucht, sprecht uns an. Wir helfen euch gerne. <\/p>\n<p \/>  Raymond.<\/p>\n","protected":false},"excerpt":{"rendered":"<p>Bei der Arbeit an einem Artikel zu einem K\u00f6lner Museum wollten wir an diesem Wochenende bei sch\u00f6nstem Sonnenschein aktuelle Fotos vom Museum machen. Wollten &#8230; Am Samstag waren wir zu sp??t da, die Sonne war schon zu weit &#8218;rum. Also am Sonntagmorg&#8230;<\/p>\n","protected":false},"author":5,"featured_media":0,"comment_status":"open","ping_status":"open","sticky":false,"template":"","format":"standard","meta":{"ngg_post_thumbnail":0,"footnotes":""},"categories":[1,52,59],"tags":[19,8],"class_list":{"0":"post-473","1":"post","2":"type-post","3":"status-publish","4":"format-standard","6":"category-allgemein","7":"category-posterous","8":"category-wikipedia-2","9":"tag-fotos","10":"tag-freieswissen","11":"entry"},"_links":{"self":[{"href":"https:\/\/erinnerungshort.de\/blog\/wp-json\/wp\/v2\/posts\/473","targetHints":{"allow":["GET"]}}],"collection":[{"href":"https:\/\/erinnerungshort.de\/blog\/wp-json\/wp\/v2\/posts"}],"about":[{"href":"https:\/\/erinnerungshort.de\/blog\/wp-json\/wp\/v2\/types\/post"}],"author":[{"embeddable":true,"href":"https:\/\/erinnerungshort.de\/blog\/wp-json\/wp\/v2\/users\/5"}],"replies":[{"embeddable":true,"href":"https:\/\/erinnerungshort.de\/blog\/wp-json\/wp\/v2\/comments?post=473"}],"version-history":[{"count":1,"href":"https:\/\/erinnerungshort.de\/blog\/wp-json\/wp\/v2\/posts\/473\/revisions"}],"predecessor-version":[{"id":573,"href":"https:\/\/erinnerungshort.de\/blog\/wp-json\/wp\/v2\/posts\/473\/revisions\/573"}],"wp:attachment":[{"href":"https:\/\/erinnerungshort.de\/blog\/wp-json\/wp\/v2\/media?parent=473"}],"wp:term":[{"taxonomy":"category","embeddable":true,"href":"https:\/\/erinnerungshort.de\/blog\/wp-json\/wp\/v2\/categories?post=473"},{"taxonomy":"post_tag","embeddable":true,"href":"https:\/\/erinnerungshort.de\/blog\/wp-json\/wp\/v2\/tags?post=473"}],"curies":[{"name":"wp","href":"https:\/\/api.w.org\/{rel}","templated":true}]}}