{"id":476,"date":"2009-01-30T13:30:00","date_gmt":"2009-01-30T13:30:00","guid":{"rendered":"http:\/\/erinnerungshort.de\/blog\/muttis-worte-zum-samstag"},"modified":"2013-08-17T19:46:40","modified_gmt":"2013-08-17T17:46:40","slug":"muttis-worte-zum-samstag","status":"publish","type":"post","link":"https:\/\/erinnerungshort.de\/blog\/muttis-worte-zum-samstag\/","title":{"rendered":"Muttis Worte zum Samstag."},"content":{"rendered":"<p>Sitze ich doch mit meinem Lieblingsb\u00fcrokraten an seinem Geburtstag bei unserem kleinen Italiener in der Nachbarschaft. Beinahe romantisch, immerhin eine Kerze auf dem Tisch und ein halber Liter Rotwein zu den Bruschette. Vibriert das Handy, und es ist eine SMS von einem WP-Kollegen, dem es um eine dringende Versionsl\u00f6schung in der, sagen wir mal, d\u00e4nischen Wikipedia geht. <\/p>\n<p \/>Das bringt mich ein wenig zu meinen gelegentlichen &bdquo;Musings of a dinosaur&ldquo;, wie Florence einmal einen Vortrag genannt hat. Sind wir eigentlich alle des Wahnsinns? Wie weit kann dieses Projekt eigentlich das infiltrieren, was man gemeinhin &bdquo;normales Leben&ldquo;&nbsp;nennt? <\/p>\n<p \/>Ja, nat\u00fcrlich sind wir alle ein wenig verr\u00fcckt, indem wir uns so lange und so ausdauernd mit dieser Enzyklop\u00e4die und ihren Ausw\u00fcchsen in alle Richtungen besch\u00e4ftigen, am\u00fcsieren, qu\u00e4len. Aber was mir immer wieder durch den Kopf geht: gibt es ein &bdquo;Zuviel&ldquo;? Ein Zuviel, das mir und meinem Leben schadet, ein Zuviel, das verhindert, da\u00df ich \u00fcberhaupt ein &bdquo;echtes&ldquo; Leben f\u00fchre? Wieviele Studenten sind unter uns, die ihren Abschlu\u00df aufs Spiel setzen und 24\/7 Vandalen jagen? Wieviele von uns haben die Jobsuche l\u00e4ngst aufgegeben, weil der Adminjob schon stressig genug ist? Wieviele von uns sind Dauersingles oder setzen ihre Beziehung aufs Spiel? Wieviele von uns bekommen einen Gro\u00dfteil ihrer Anerkennung, Motivation und Lebensfreude ausschlie\u00dflich durch Wikipedia? Wieviele von uns <em>leben<\/em> in Wikipedia? <\/p>\n<p \/>Andererseits: wieviele von uns sind so ungl\u00fccklich mit dem Projekt, da\u00df sie jeden Tag alle anderen an ihren Leiden teilhaben lassen, auf die eine oder andere Art? Warum bleiben sie dabei? Warum erlauben wir diesem Projekt, da\u00df es uns morgens um sechs mit Bauchschmerzen aufweckt? Gibt&#8217;s nichts anderes? <\/p>\n<p \/>Nat\u00fcrlich geh\u00f6rt ein ger\u00fcttelt Ma\u00df Leidenschaft dazu, sich so ausdauernd einem Non-Profit-Projekt zu widmen. Und es ist klar, da\u00df wir diese Leidenschaft nicht mit dem Login-Cookie wegspeichern, sondern in das Projekt an jeder Stelle einbringen. &bdquo;Nur wer brennt, kann entz\u00fcnden:&ldquo; <small>(Dietrich Schilling)<\/small> &ndash; das habe ich auch bei anderen ehrenamtlichen Projekten erlebt, da\u00df mancher an beiden Enden gebrannt hat und schlie\u00dflich ausgebrannt ist.<\/p>\n<p>Ich &ndash; als olle WP-Mutti &ndash; darf mir aber in meiner Rolle Sorgen machen um viele von denen, die mir im Laufe der Jahre ans Herz gewachsen sind. Sorgen darum, was Wikipedia aus uns gemacht hat und jeden Tag macht. Man sieht: WP ist zu einem gro\u00dfen Teil meines &bdquo;echten&ldquo; Lebens geworden, es sind Menschen, die an meinem &bdquo;echten&ldquo;&nbsp;Leben teilhaben. Schwarze Feders Worte von den &bdquo;<a href=\"http:\/\/de.wikipedia.org\/wiki\/Wikipedia:Caf%C3%A9\/Archiv_2008_Q4#Zukunft_der_WP_-_drei_Spinnereien\">verbliebenen Freundeskreisen<\/a>&ldquo; sind mir jedoch schwer im Magen geblieben: wieviele unserer Freunde k\u00f6nnen noch nachvollziehen, was wir eigentlich tun? Wieviele haben l\u00e4ngst resigniert? \u00dcber ber\u00fchmt gewordene Menschen liest man manchmal, sie seien &bdquo;auf dem Boden&ldquo; geblieben, weil sie Freunde (Kollegen, Familie&hellip;) h\u00e4tten, die sie vor dem Ausflippen bewahrten, die ihnen die Bodenhaftung zur\u00fcckg\u00e4ben. Haben wir die noch? Wo ist unser &bdquo;Real-life-Regulativ&ldquo;? <\/p>\n<p \/>Ja: Wikipedia ist ein Bestandteil unseres Lebens. Und es hilft vielen &bdquo;normalen&ldquo;&nbsp;Menschen jeden Tag, und es ist &ndash; nicht nur deshalb &ndash; ein gro\u00dfartiges Projekt. Aber wenn wir diese Welt besser machen wollen, wird uns das nur gelingen, wenn wir noch merken, da\u00df sie \u00fcberhaupt da ist.<\/p>\n<p><small>Ach so: Die SMS beim Italiener wurde im \u00fcbrigen sofort beantwortet, aber aufgesprungen und nach Hause zum Rechner gelaufen ist er nicht. Und nein, sauer war ich nat\u00fcrlich auch nicht, es pa\u00dfte nur grade als Aufh\u00e4nger f\u00fcr diesen Text, der eh schon seit ein paar Tagen rauswollte.<\/small><\/p>\n<p> (elya)<\/p>\n","protected":false},"excerpt":{"rendered":"<p>Sitze ich doch mit meinem Lieblingsb??rokraten an seinem Geburtstag bei unserem kleinen Italiener in der Nachbarschaft. Beinahe romantisch, immerhin eine Kerze auf dem Tisch und ein halber Liter Rotwein zu den Bruschette. Vibriert das Handy, und es&#8230;<\/p>\n","protected":false},"author":6,"featured_media":0,"comment_status":"open","ping_status":"open","sticky":false,"template":"","format":"standard","meta":{"ngg_post_thumbnail":0,"footnotes":""},"categories":[1,52,59],"tags":[],"class_list":{"0":"post-476","1":"post","2":"type-post","3":"status-publish","4":"format-standard","6":"category-allgemein","7":"category-posterous","8":"category-wikipedia-2","9":"entry"},"_links":{"self":[{"href":"https:\/\/erinnerungshort.de\/blog\/wp-json\/wp\/v2\/posts\/476","targetHints":{"allow":["GET"]}}],"collection":[{"href":"https:\/\/erinnerungshort.de\/blog\/wp-json\/wp\/v2\/posts"}],"about":[{"href":"https:\/\/erinnerungshort.de\/blog\/wp-json\/wp\/v2\/types\/post"}],"author":[{"embeddable":true,"href":"https:\/\/erinnerungshort.de\/blog\/wp-json\/wp\/v2\/users\/6"}],"replies":[{"embeddable":true,"href":"https:\/\/erinnerungshort.de\/blog\/wp-json\/wp\/v2\/comments?post=476"}],"version-history":[{"count":1,"href":"https:\/\/erinnerungshort.de\/blog\/wp-json\/wp\/v2\/posts\/476\/revisions"}],"predecessor-version":[{"id":554,"href":"https:\/\/erinnerungshort.de\/blog\/wp-json\/wp\/v2\/posts\/476\/revisions\/554"}],"wp:attachment":[{"href":"https:\/\/erinnerungshort.de\/blog\/wp-json\/wp\/v2\/media?parent=476"}],"wp:term":[{"taxonomy":"category","embeddable":true,"href":"https:\/\/erinnerungshort.de\/blog\/wp-json\/wp\/v2\/categories?post=476"},{"taxonomy":"post_tag","embeddable":true,"href":"https:\/\/erinnerungshort.de\/blog\/wp-json\/wp\/v2\/tags?post=476"}],"curies":[{"name":"wp","href":"https:\/\/api.w.org\/{rel}","templated":true}]}}