{"id":477,"date":"2009-08-17T08:47:05","date_gmt":"2009-08-17T08:47:05","guid":{"rendered":"http:\/\/erinnerungshort.de\/blog\/dann-schreibs-doch-einfach-dazu-wos-hingehort"},"modified":"2013-08-17T19:46:40","modified_gmt":"2013-08-17T17:46:40","slug":"dann-schreibs-doch-einfach-dazu-wos-hingehort","status":"publish","type":"post","link":"https:\/\/erinnerungshort.de\/blog\/dann-schreibs-doch-einfach-dazu-wos-hingehort\/","title":{"rendered":"Dann schreib&#8217;s doch einfach dazu, wo&#8217;s hingeh\u00f6rt. Jeder darf hier etwas erg\u00e4nzen."},"content":{"rendered":"<p>Schau ich doch grade auf den Kalender, und ich erinnere mich an den August 2003. Ich war noch nicht so lange in K\u00f6ln, und es war dieser br\u00fcllend hei\u00dfe Sommer, die \u00e4lteren unter uns erinnern sich vielleicht noch&#8230; Ich surfte entspannt durchs Web und suchte wohl irgendwas zu John Irving. Was ich fand, war dann diese komische Website, wo es hie\u00df \u201ejeder darf hier mitschreiben\u201c. Nee, sowas kenn ich \u2013 das schreiben sie, und dann sind sie doch ein eingeschworenes Gr\u00fcppchen und wollen unter sich bleiben. Erst mal schauen. Wirklich ein Edit-Button? Hm. Ich melde mich mal an, der olle vierbuchstabige Nick wird&#8217;s auch hier tun.<\/p>\n<p>Was steht denn da so im Handbuch? Oh, ein Rechtschreibfehler. Und dann ist da dieser Bearbeiten-Knopf. Naja, hier kann ich ja nicht viel falsch machen, also einfach mal probieren:<\/p>\n<figure id=\"attachment_715\" aria-describedby=\"caption-attachment-715\" style=\"width: 906px\" class=\"wp-caption alignnone\"><a href=\"http:\/\/erinnerungshort.de\/blog\/wp-content\/uploads\/2009\/08\/elyasersteredit.jpg\"><img loading=\"lazy\" decoding=\"async\" class=\"size-full wp-image-715\" alt=\"Elyas erster Edit.\" src=\"http:\/\/erinnerungshort.de\/blog\/wp-content\/uploads\/2009\/08\/elyasersteredit.jpg\" width=\"906\" height=\"388\" srcset=\"https:\/\/erinnerungshort.de\/blog\/wp-content\/uploads\/2009\/08\/elyasersteredit.jpg 906w, https:\/\/erinnerungshort.de\/blog\/wp-content\/uploads\/2009\/08\/elyasersteredit-300x128.jpg 300w\" sizes=\"auto, (max-width: 906px) 100vw, 906px\" \/><\/a><figcaption id=\"caption-attachment-715\" class=\"wp-caption-text\">Elyas erster Edit.<\/figcaption><\/figure>\n<p style=\"text-align: left;\">OK, das hat tats\u00e4chlich geklappt. Wo wollten wir nochmal hin? Achja, John Irving. Da steht dann leider nicht so viel, wie ich mir als eingefleischter Irving-Fan gew\u00fcnscht h\u00e4tte, und ich belasse es bei ein paar Korrekturen und einem Diskussionsbeitrag. Nein, entgegen Julianas Theorie der ersten Edits galt der n\u00e4chste nicht meine Heimatstadt, aber es zog mich zu meiner Passion, der Ukrainischen Sprache. Der Artikel war nun wirklich noch ziemlich mager, und das Thema ist nicht so trivial, da\u00df man einfach loslegt. Also, erst mal auf der Diskussionsseite etwas anmerken. Und dann passierte dies:<\/p>\n<p style=\"text-align: center;\"><a href=\"http:\/\/erinnerungshort.de\/blog\/wp-content\/uploads\/2009\/08\/elyaseinstiegsdroge.jpg\"><img loading=\"lazy\" decoding=\"async\" class=\"alignnone size-full wp-image-718\" alt=\"elyaseinstiegsdroge\" src=\"http:\/\/erinnerungshort.de\/blog\/wp-content\/uploads\/2009\/08\/elyaseinstiegsdroge.jpg\" width=\"902\" height=\"132\" srcset=\"https:\/\/erinnerungshort.de\/blog\/wp-content\/uploads\/2009\/08\/elyaseinstiegsdroge.jpg 902w, https:\/\/erinnerungshort.de\/blog\/wp-content\/uploads\/2009\/08\/elyaseinstiegsdroge-300x43.jpg 300w\" sizes=\"auto, (max-width: 902px) 100vw, 902px\" \/><\/a><\/p>\n<p style=\"text-align: left;\">Tja, und das habe ich dann in den n\u00e4chsten Tagen gemacht, und der Rest ist Geschichte.<\/p>\n<p style=\"text-align: left;\">Ich brauche wohl nicht betonen, da\u00df mich dieser Einstieg gepr\u00e4gt hat: ich wurde schlicht unkompliziert und freundlich in die Community aufgenommen und konnte problemlos loslegen (und weitermachen). Gut, ich hab vorher einen Blick ins Handbuch geworfen, das damals nicht mehr als ein paar Bildschirmseiten hatte.<\/p>\n<p style=\"text-align: left;\">Was ist denn nach den 6 Jahren Wikipedia, in denen ich zur K\u00f6lner Stammtischmutti wurde, die K\u00f6lner Sakral-Kunstgeschichte f\u00fcr mich entdeckt habe, mehr Bibliotheken von innen gesehen habe als jemals in meinem abgebrochenen Studium, und schlie\u00dfich auch meine RL-Liebe fand, noch offen?<\/p>\n<ul>\n<li>Tilman Berger endlich mal treffen, der mir mit seiner sachlichen Freundlichkeit meinen Akademikerkomplex abgew\u00f6hnt hat (realistisches Ziel)<\/li>\n<li>Endlich den K\u00f6lner Dom exzellent schreiben (wird wahrscheinlich doch bis zur Rente dauern)<\/li>\n<li>Wieder zur\u00fcckfinden zu der unkomplizierten, freundlichen Art, Newbies in die Community aufzunehmen (vermutlich illusorisches Ziel, aber weil keiner von Muttis Blogbeitr\u00e4gen ohne Moral ist &#8230;)<\/li>\n<\/ul>\n<p>&nbsp;<\/p>\n<p>(elya)<\/p>\n<p style=\"text-align: left;\">\n","protected":false},"excerpt":{"rendered":"<p>Schau ich doch grade auf den Kalender, und ich erinnere mich an den August 2003. Ich war noch nicht so lange in K\u00f6ln, und es war dieser br??llend hei??e Sommer, die ??lteren unter uns erinnern sich vielleicht noch&#8230; Ich surfte entspannt durchs Web u&#8230;<\/p>\n","protected":false},"author":6,"featured_media":0,"comment_status":"open","ping_status":"open","sticky":false,"template":"","format":"standard","meta":{"ngg_post_thumbnail":0,"footnotes":""},"categories":[1,52,59],"tags":[],"class_list":{"0":"post-477","1":"post","2":"type-post","3":"status-publish","4":"format-standard","6":"category-allgemein","7":"category-posterous","8":"category-wikipedia-2","9":"entry"},"_links":{"self":[{"href":"https:\/\/erinnerungshort.de\/blog\/wp-json\/wp\/v2\/posts\/477","targetHints":{"allow":["GET"]}}],"collection":[{"href":"https:\/\/erinnerungshort.de\/blog\/wp-json\/wp\/v2\/posts"}],"about":[{"href":"https:\/\/erinnerungshort.de\/blog\/wp-json\/wp\/v2\/types\/post"}],"author":[{"embeddable":true,"href":"https:\/\/erinnerungshort.de\/blog\/wp-json\/wp\/v2\/users\/6"}],"replies":[{"embeddable":true,"href":"https:\/\/erinnerungshort.de\/blog\/wp-json\/wp\/v2\/comments?post=477"}],"version-history":[{"count":5,"href":"https:\/\/erinnerungshort.de\/blog\/wp-json\/wp\/v2\/posts\/477\/revisions"}],"predecessor-version":[{"id":714,"href":"https:\/\/erinnerungshort.de\/blog\/wp-json\/wp\/v2\/posts\/477\/revisions\/714"}],"wp:attachment":[{"href":"https:\/\/erinnerungshort.de\/blog\/wp-json\/wp\/v2\/media?parent=477"}],"wp:term":[{"taxonomy":"category","embeddable":true,"href":"https:\/\/erinnerungshort.de\/blog\/wp-json\/wp\/v2\/categories?post=477"},{"taxonomy":"post_tag","embeddable":true,"href":"https:\/\/erinnerungshort.de\/blog\/wp-json\/wp\/v2\/tags?post=477"}],"curies":[{"name":"wp","href":"https:\/\/api.w.org\/{rel}","templated":true}]}}