{"id":494,"date":"2009-04-04T04:09:46","date_gmt":"2009-04-04T04:09:46","guid":{"rendered":"http:\/\/erinnerungshort.de\/blog\/wikimedia-chapter-meeting-day-1"},"modified":"2013-08-17T19:46:40","modified_gmt":"2013-08-17T17:46:40","slug":"wikimedia-chapter-meeting-day-1","status":"publish","type":"post","link":"https:\/\/erinnerungshort.de\/blog\/wikimedia-chapter-meeting-day-1\/","title":{"rendered":"Wikimedia Chapter Meeting &#8211; Day 1"},"content":{"rendered":"<p>Ein fantastischer Sonnentag in Berlin, und rund 60 Chapter-Mitglieder aus aller Welt &#8211; von Brasilien \u00fcber New York bis Indonesien und Israel &#8211; treffen sich im 20. Stockwerk der T-Labs am Ernst-Reuter-Platz. F\u00fcr Wikimedia Deutschland sind Lyzzy und Jenny, unsere frischgebackene Beisitzerin als Vertreterinnen dabei, Sebastian begr\u00fc\u00dfte die Teilnehmer und bleibt ansonsten mit seinem Organisationsteam im Hintergrund. Nachdem sich die Chapter alle einzeln mit kurzen \u201eLightning talks\u201c vorgestellt hatten, die nicht mehr als 5 Minuten dauern sollten (was nat\u00fcrlich nicht immer klappte, aber die Niederl\u00e4nder schafften es unter einer Minute), ging&#8217;s an die Arbeit. Zwei externe Moderatorinnen hielten den internationalen Flohzirkus in Schach: sie f\u00fchren klare Diskussionsregeln ein und sorgten daf\u00fcr, da\u00df Ergebnisse auf den Punkt gebracht werden. Ich pendele mit der Kamera zwischen den Workshops hin und her, die sich in der ersten Runde um Fundraising und die Beziehungen zwischen den einzelnen Chaptern drehten.<\/p>\n<p>Ich habe den Eindruck, da\u00df es einerseits schwierig ist, die soo unterschiedlichen Ideen und Vorstellungen der Leute unter einen Hut zu bringen, andererseits aber die Themen und Probleme gar nicht so weit auseinander liegen. Und nat\u00fcrlich finden die wichtigsten und intensivsten Gespr\u00e4che im Korridor zwischen den einzelnen Sessions statt, mit handgemalten Skizzen (zur \u00fcbernahme der Weltherrschaft nat\u00fcrlich) auf Servietten und in buntem, holprigen, lustigem und ab und zu auch mal perfektem Englisch.<\/p>\n<p>Am Nachmittag gab es den Marketing\/Communikations-Workshop, an dem auch unsere Presse-Catrin teilnahm, der andere Raum war mit finanziellen Fragen in der Beziehung zwischen Foundation und Chapters besch\u00e4ftigt. Der H\u00f6hepunkt war sicher der Blick auf die Stra\u00dfe des 17. Juni im Abendlicht sowie der Schokokuchen w\u00e4hrend der Kaffeepause ;-)<\/p>\n<p>Schon halbwegs erschlagen wechselten Lyzzy, Bence und Tomasz vom ungarischen Chapter zusammen mit dem Hexer, der im Orgateam mithilft, noch zu unseren Developern in die cbase. Dort war es schon recht ruhig, und ich konnte endlich mal einen Hauch des ber\u00fchmten \u201eSommer-Feelings\u201c am Spreeufer vor der cbase erahnen.<\/p>\n<p><a href=\"http:\/\/erinnerungshort.de\/blog\/wp-content\/uploads\/2009\/04\/412845-IMG_9244_3_2_tonemapped.jpg\"><img loading=\"lazy\" decoding=\"async\" class=\"alignnone size-medium wp-image-683\" alt=\"412845-IMG_9244_3_2_tonemapped\" src=\"http:\/\/erinnerungshort.de\/blog\/wp-content\/uploads\/2009\/04\/412845-IMG_9244_3_2_tonemapped-300x188.jpg\" width=\"300\" height=\"188\" srcset=\"https:\/\/erinnerungshort.de\/blog\/wp-content\/uploads\/2009\/04\/412845-IMG_9244_3_2_tonemapped-300x188.jpg 300w, https:\/\/erinnerungshort.de\/blog\/wp-content\/uploads\/2009\/04\/412845-IMG_9244_3_2_tonemapped.jpg 1000w\" sizes=\"auto, (max-width: 300px) 100vw, 300px\" \/><\/a> <a href=\"http:\/\/erinnerungshort.de\/blog\/wp-content\/uploads\/2009\/04\/412844-IMG_9192.jpg\"><img loading=\"lazy\" decoding=\"async\" class=\"alignnone size-medium wp-image-682\" alt=\"412844-IMG_9192\" src=\"http:\/\/erinnerungshort.de\/blog\/wp-content\/uploads\/2009\/04\/412844-IMG_9192-300x200.jpg\" width=\"300\" height=\"200\" srcset=\"https:\/\/erinnerungshort.de\/blog\/wp-content\/uploads\/2009\/04\/412844-IMG_9192-300x200.jpg 300w, https:\/\/erinnerungshort.de\/blog\/wp-content\/uploads\/2009\/04\/412844-IMG_9192.jpg 1000w\" sizes=\"auto, (max-width: 300px) 100vw, 300px\" \/><\/a> <a href=\"http:\/\/erinnerungshort.de\/blog\/wp-content\/uploads\/2009\/04\/412843-IMG_9185.jpg\"><img loading=\"lazy\" decoding=\"async\" class=\"alignnone size-medium wp-image-681\" alt=\"412843-IMG_9185\" src=\"http:\/\/erinnerungshort.de\/blog\/wp-content\/uploads\/2009\/04\/412843-IMG_9185-300x288.jpg\" width=\"300\" height=\"288\" srcset=\"https:\/\/erinnerungshort.de\/blog\/wp-content\/uploads\/2009\/04\/412843-IMG_9185-300x288.jpg 300w, https:\/\/erinnerungshort.de\/blog\/wp-content\/uploads\/2009\/04\/412843-IMG_9185.jpg 800w\" sizes=\"auto, (max-width: 300px) 100vw, 300px\" \/><\/a> <a href=\"http:\/\/erinnerungshort.de\/blog\/wp-content\/uploads\/2009\/04\/412842-IMG_9170.jpg\"><img loading=\"lazy\" decoding=\"async\" class=\"alignnone size-medium wp-image-680\" alt=\"412842-IMG_9170\" src=\"http:\/\/erinnerungshort.de\/blog\/wp-content\/uploads\/2009\/04\/412842-IMG_9170-300x200.jpg\" width=\"300\" height=\"200\" srcset=\"https:\/\/erinnerungshort.de\/blog\/wp-content\/uploads\/2009\/04\/412842-IMG_9170-300x200.jpg 300w, https:\/\/erinnerungshort.de\/blog\/wp-content\/uploads\/2009\/04\/412842-IMG_9170.jpg 1000w\" sizes=\"auto, (max-width: 300px) 100vw, 300px\" \/><\/a> <a href=\"http:\/\/erinnerungshort.de\/blog\/wp-content\/uploads\/2009\/04\/412841-IMG_8893.jpg\"><img loading=\"lazy\" decoding=\"async\" class=\"alignnone size-medium wp-image-679\" alt=\"412841-IMG_8893\" src=\"http:\/\/erinnerungshort.de\/blog\/wp-content\/uploads\/2009\/04\/412841-IMG_8893-300x200.jpg\" width=\"300\" height=\"200\" srcset=\"https:\/\/erinnerungshort.de\/blog\/wp-content\/uploads\/2009\/04\/412841-IMG_8893-300x200.jpg 300w, https:\/\/erinnerungshort.de\/blog\/wp-content\/uploads\/2009\/04\/412841-IMG_8893.jpg 1000w\" sizes=\"auto, (max-width: 300px) 100vw, 300px\" \/><\/a><\/p>\n","protected":false},"excerpt":{"rendered":"<p>Ein fantastischer Sonnentag in Berlin, und rund 60 Chapter-Mitglieder aus aller Welt &#8211; von Brasilien \u00fcber New York bis Indonesien und Israel &#8211; treffen sich im 20. Stockwerk der T-Labs am Ernst-Reuter-Platz. F\u00fcr Wikimedia Deutschland sind Lyzzy und&#8230;<\/p>\n","protected":false},"author":6,"featured_media":0,"comment_status":"open","ping_status":"open","sticky":false,"template":"","format":"standard","meta":{"ngg_post_thumbnail":0,"footnotes":""},"categories":[1,52],"tags":[21,32,22,11],"class_list":{"0":"post-494","1":"post","2":"type-post","3":"status-publish","4":"format-standard","6":"category-allgemein","7":"category-posterous","8":"tag-berlin","9":"tag-cbase","10":"tag-chapter","11":"tag-wikimediaev","12":"entry"},"_links":{"self":[{"href":"https:\/\/erinnerungshort.de\/blog\/wp-json\/wp\/v2\/posts\/494","targetHints":{"allow":["GET"]}}],"collection":[{"href":"https:\/\/erinnerungshort.de\/blog\/wp-json\/wp\/v2\/posts"}],"about":[{"href":"https:\/\/erinnerungshort.de\/blog\/wp-json\/wp\/v2\/types\/post"}],"author":[{"embeddable":true,"href":"https:\/\/erinnerungshort.de\/blog\/wp-json\/wp\/v2\/users\/6"}],"replies":[{"embeddable":true,"href":"https:\/\/erinnerungshort.de\/blog\/wp-json\/wp\/v2\/comments?post=494"}],"version-history":[{"count":3,"href":"https:\/\/erinnerungshort.de\/blog\/wp-json\/wp\/v2\/posts\/494\/revisions"}],"predecessor-version":[{"id":695,"href":"https:\/\/erinnerungshort.de\/blog\/wp-json\/wp\/v2\/posts\/494\/revisions\/695"}],"wp:attachment":[{"href":"https:\/\/erinnerungshort.de\/blog\/wp-json\/wp\/v2\/media?parent=494"}],"wp:term":[{"taxonomy":"category","embeddable":true,"href":"https:\/\/erinnerungshort.de\/blog\/wp-json\/wp\/v2\/categories?post=494"},{"taxonomy":"post_tag","embeddable":true,"href":"https:\/\/erinnerungshort.de\/blog\/wp-json\/wp\/v2\/tags?post=494"}],"curies":[{"name":"wp","href":"https:\/\/api.w.org\/{rel}","templated":true}]}}