{"id":499,"date":"2008-07-18T03:51:14","date_gmt":"2008-07-18T03:51:14","guid":{"rendered":"http:\/\/erinnerungshort.de\/blog\/open-access-mit-iryna-kuchma"},"modified":"2015-12-09T20:01:16","modified_gmt":"2015-12-09T18:01:16","slug":"open-access-mit-iryna-kuchma","status":"publish","type":"post","link":"https:\/\/erinnerungshort.de\/blog\/open-access-mit-iryna-kuchma\/","title":{"rendered":"Open Access mit Iryna Kuchma"},"content":{"rendered":"<p>Open access ist das Thema von Iryna Kuchma von <a href=\"http:\/\/www.eifl.net\/,\">http:\/\/www.eifl.net\/,<\/a>   die verschiedene Projekte f\u00fcr den freien Zugang zu akademischen   Publikationen vorstellte. Eins davon war <a href=\"http:\/\/www.doaj.org\/\">http:\/\/www.doaj.org\/<\/a> <\/p>\n<p \/>   Was zus\u00e4tzlich f\u00fcr den einen oder anderen Wissenschaftler interessant   sein k\u00f6nnte, waren die angesprochenen Ans??tze f\u00fcr andere Rankings von   Papers, die nicht l??nger auf gegenseitige &#8222;Citations&#8220; setzen.<\/p>\n","protected":false},"excerpt":{"rendered":"<p>Open access ist das Thema von Iryna Kuchma von http:\/\/www.eifl.net\/, die verschiedene Projekte f\u00fcr den freien Zugang zu akademischen Publikationen vorstellte. Eins davon war http:\/\/www.doaj.org\/ Was zus\u00e4tzlich f\u00fcr den einen oder anderen Wissenscha&#8230;<\/p>\n","protected":false},"author":6,"featured_media":0,"comment_status":"open","ping_status":"open","sticky":false,"template":"","format":"standard","meta":{"ngg_post_thumbnail":0,"footnotes":""},"categories":[1,52,54],"tags":[],"class_list":{"0":"post-499","1":"post","2":"type-post","3":"status-publish","4":"format-standard","6":"category-allgemein","7":"category-posterous","8":"category-wikimania-2008","9":"entry"},"_links":{"self":[{"href":"https:\/\/erinnerungshort.de\/blog\/wp-json\/wp\/v2\/posts\/499","targetHints":{"allow":["GET"]}}],"collection":[{"href":"https:\/\/erinnerungshort.de\/blog\/wp-json\/wp\/v2\/posts"}],"about":[{"href":"https:\/\/erinnerungshort.de\/blog\/wp-json\/wp\/v2\/types\/post"}],"author":[{"embeddable":true,"href":"https:\/\/erinnerungshort.de\/blog\/wp-json\/wp\/v2\/users\/6"}],"replies":[{"embeddable":true,"href":"https:\/\/erinnerungshort.de\/blog\/wp-json\/wp\/v2\/comments?post=499"}],"version-history":[{"count":1,"href":"https:\/\/erinnerungshort.de\/blog\/wp-json\/wp\/v2\/posts\/499\/revisions"}],"predecessor-version":[{"id":589,"href":"https:\/\/erinnerungshort.de\/blog\/wp-json\/wp\/v2\/posts\/499\/revisions\/589"}],"wp:attachment":[{"href":"https:\/\/erinnerungshort.de\/blog\/wp-json\/wp\/v2\/media?parent=499"}],"wp:term":[{"taxonomy":"category","embeddable":true,"href":"https:\/\/erinnerungshort.de\/blog\/wp-json\/wp\/v2\/categories?post=499"},{"taxonomy":"post_tag","embeddable":true,"href":"https:\/\/erinnerungshort.de\/blog\/wp-json\/wp\/v2\/tags?post=499"}],"curies":[{"name":"wp","href":"https:\/\/api.w.org\/{rel}","templated":true}]}}