{"id":521,"date":"2010-10-02T13:38:00","date_gmt":"2010-10-02T13:38:00","guid":{"rendered":"http:\/\/erinnerungshort.de\/blog\/koln-13-uhr-58-eine-ausstellungseroffnung"},"modified":"2018-04-19T22:11:15","modified_gmt":"2018-04-19T20:11:15","slug":"koln-13-uhr-58-eine-ausstellungseroffnung","status":"publish","type":"post","link":"https:\/\/erinnerungshort.de\/blog\/koln-13-uhr-58-eine-ausstellungseroffnung\/","title":{"rendered":"K\u00f6ln 13 Uhr 58 \u2013 eine Ausstellungser\u00f6ffnung"},"content":{"rendered":"<p><img loading=\"lazy\" decoding=\"async\" class=\"size-medium wp-image-997 alignleft\" src=\"http:\/\/erinnerungshort.de\/blog\/wp-content\/uploads\/2010\/10\/Ausstellung_Ko\u0308ln_13Uhr58_Stadtarchiv_2010-300x182.jpg\" alt=\"\" width=\"300\" height=\"182\" srcset=\"https:\/\/erinnerungshort.de\/blog\/wp-content\/uploads\/2010\/10\/Ausstellung_Ko\u0308ln_13Uhr58_Stadtarchiv_2010-300x182.jpg 300w, https:\/\/erinnerungshort.de\/blog\/wp-content\/uploads\/2010\/10\/Ausstellung_Ko\u0308ln_13Uhr58_Stadtarchiv_2010-768x465.jpg 768w, https:\/\/erinnerungshort.de\/blog\/wp-content\/uploads\/2010\/10\/Ausstellung_Ko\u0308ln_13Uhr58_Stadtarchiv_2010-1024x620.jpg 1024w, https:\/\/erinnerungshort.de\/blog\/wp-content\/uploads\/2010\/10\/Ausstellung_Ko\u0308ln_13Uhr58_Stadtarchiv_2010-1420x860.jpg 1420w, https:\/\/erinnerungshort.de\/blog\/wp-content\/uploads\/2010\/10\/Ausstellung_Ko\u0308ln_13Uhr58_Stadtarchiv_2010-920x557.jpg 920w\" sizes=\"auto, (max-width: 300px) 100vw, 300px\" \/>Heute abend wurde die Ausstellung<strong> \u201eK\u00f6ln 13 Uhr 58 \u2013 Geborgene Sch\u00e4tze aus dem Historischen Archiv\u201c<\/strong> im K\u00f6lnischen Stadtmuseum er\u00f6ffnet, was wir uns nat\u00fcrlich nicht haben entgehen lassen. Die Ausstellung zeigt ab morgen einen Querschnitt von bereits restaurierten Objekten und solchen mit verschiedenen \u201eSchadensbildern\u201c aus dem zerst\u00f6rten Archiv.<\/p>\n<p>Das Stadtmuseum war sehr gut gef\u00fcllt, gesprochen hat als erster nat\u00fcrlich obligatorisch Oberb\u00fcrgermeister Roters, dann wurde Stephan Neuhoff, Chef der K\u00f6lner Feuerwehr, mit der goldenen Ehrennadel des THW ausgezeichnet (ein Anblick zum Steinerweichen, wenn mindestens einem der beiden toughen Rettungsprofis vor R\u00fchrung das Wasser in den Augen steht).<!--more--><\/p>\n<p>Interessant wurde es, als <a href=\"http:\/\/de.wikipedia.org\/wiki\/Isabel_Pfeiffer-Poensgen\" target=\"_blank\" rel=\"noopener\">Isabel Pfeiffer-Poensgen<\/a> f\u00fcr die <a href=\"http:\/\/de.wikipedia.org\/wiki\/Kulturstiftung_der_L%C3%A4nder\" target=\"_blank\" rel=\"noopener\">Kulturstiftung der L\u00e4nder<\/a> sprach, ihre breite und ungebrochene Unterst\u00fctzung des Archivs betonte, sich gleichzeitig aber durchaus irritiert zeigte, da\u00df bestimmte Mittel \u2013 etwa f\u00fcr eine Gefriertrockenanlage \u2013 noch nicht abgerufen wurden.<\/p>\n<p><img loading=\"lazy\" decoding=\"async\" class=\"size-medium wp-image-999 alignright\" src=\"http:\/\/erinnerungshort.de\/blog\/wp-content\/uploads\/2010\/10\/Mario_Kramp_Ausstellungsero\u0308ffnung_13Uhr58_Stadtarchiv-300x198.jpg\" alt=\"\" width=\"300\" height=\"198\" srcset=\"https:\/\/erinnerungshort.de\/blog\/wp-content\/uploads\/2010\/10\/Mario_Kramp_Ausstellungsero\u0308ffnung_13Uhr58_Stadtarchiv-300x198.jpg 300w, https:\/\/erinnerungshort.de\/blog\/wp-content\/uploads\/2010\/10\/Mario_Kramp_Ausstellungsero\u0308ffnung_13Uhr58_Stadtarchiv-768x508.jpg 768w, https:\/\/erinnerungshort.de\/blog\/wp-content\/uploads\/2010\/10\/Mario_Kramp_Ausstellungsero\u0308ffnung_13Uhr58_Stadtarchiv-1024x677.jpg 1024w, https:\/\/erinnerungshort.de\/blog\/wp-content\/uploads\/2010\/10\/Mario_Kramp_Ausstellungsero\u0308ffnung_13Uhr58_Stadtarchiv-1420x939.jpg 1420w, https:\/\/erinnerungshort.de\/blog\/wp-content\/uploads\/2010\/10\/Mario_Kramp_Ausstellungsero\u0308ffnung_13Uhr58_Stadtarchiv-920x608.jpg 920w, https:\/\/erinnerungshort.de\/blog\/wp-content\/uploads\/2010\/10\/Mario_Kramp_Ausstellungsero\u0308ffnung_13Uhr58_Stadtarchiv.jpg 1600w\" sizes=\"auto, (max-width: 300px) 100vw, 300px\" \/>Zum ersten Mal \u201elive\u201c erlebten wir den neuen Museumsdirektor <a href=\"http:\/\/de.wikipedia.org\/wiki\/Mario_Kramp\" target=\"_blank\" rel=\"noopener\">Mario Kramp<\/a>, der mir sehr gut gefallen hat: erstens kann er reden, hatte einen echten roten Faden in seiner Ansprache und las nicht nur vom Blatt, zweitens schaffte er es, humorvoll und knapp kritische Spitzen anzubringen (entschuldigend wegen der mangelden Sitzpl\u00e4tze: \u201ewir haben leider keinen <em>Stiftungssaal<\/em>\u201c) und drittens habe ich den Eindruck, da\u00df er hinter seinem Team steht \u2013 von der Pressesprecherin bis zum Hausmeisterinnen-Team. Aber er ist sauschwer zu fotografieren ;-)<\/p>\n<p><a href=\"http:\/\/de.wikipedia.org\/wiki\/Bettina_Schmidt-Czaia\" target=\"_blank\" rel=\"noopener\">Bettina Schmidt-Czaia<\/a>, leidgep\u00fcfte Leiterin des Archivs, hatte schlie\u00dflich das Schlu\u00dfwort und stellte ein paar besondere St\u00fccke der Ausstellung vor, worunter auch der Verbundbrief der Stadt K\u00f6ln von 1396 geh\u00f6rt, der mit finanzieller Unterst\u00fctzung der <a href=\"http:\/\/de.wikipedia.org\/wiki\/W%C3%BCrth-Gruppe\" target=\"_blank\" rel=\"noopener\">Adolf W\u00fcrth GmbH<\/a> restauriert worden ist (Kurzer Dialog vor der Vitrine: \u201ewas werden wir wohl hinterlassen, was 600 Jahre \u00fcbersteht?\u201c \u2013 \u201enaja, Facebook wird es mit Sicherheit nicht sein\u201c)<\/p>\n<p>F\u00fcr die Ausstellung selbst wird man sich noch einmal richtig Zeit nehmen m\u00fcssen, man kann vor jedem St\u00fcck ein paar Minuten stehen und die Rettungs- und Restaurierungsgeschichte dazu lesen. Ob ein unspektakul\u00e4rer Bauplan von Karl Band, ein zerkn\u00fcttelter Haufen Akten, allerlei alte Handschriften (ja, ich bin ein Banause, aber ich war m\u00fcde) oder ein Typoscript von Heinrich B\u00f6ll (das man als einziges nicht fotografieren darf).<\/p>\n<figure id=\"attachment_1000\" aria-describedby=\"caption-attachment-1000\" style=\"width: 300px\" class=\"wp-caption alignleft\"><img loading=\"lazy\" decoding=\"async\" class=\"size-medium wp-image-1000\" src=\"http:\/\/erinnerungshort.de\/blog\/wp-content\/uploads\/2010\/10\/Ko\u0308ln_13_Uhr_58_Begleitband_Ausstellung_Verwendung_Commons-Foto_Ekimas_CCBYSA-300x188.jpg\" alt=\"\" width=\"300\" height=\"188\" srcset=\"https:\/\/erinnerungshort.de\/blog\/wp-content\/uploads\/2010\/10\/Ko\u0308ln_13_Uhr_58_Begleitband_Ausstellung_Verwendung_Commons-Foto_Ekimas_CCBYSA-300x188.jpg 300w, https:\/\/erinnerungshort.de\/blog\/wp-content\/uploads\/2010\/10\/Ko\u0308ln_13_Uhr_58_Begleitband_Ausstellung_Verwendung_Commons-Foto_Ekimas_CCBYSA-768x480.jpg 768w, https:\/\/erinnerungshort.de\/blog\/wp-content\/uploads\/2010\/10\/Ko\u0308ln_13_Uhr_58_Begleitband_Ausstellung_Verwendung_Commons-Foto_Ekimas_CCBYSA-1024x640.jpg 1024w, https:\/\/erinnerungshort.de\/blog\/wp-content\/uploads\/2010\/10\/Ko\u0308ln_13_Uhr_58_Begleitband_Ausstellung_Verwendung_Commons-Foto_Ekimas_CCBYSA-1420x888.jpg 1420w, https:\/\/erinnerungshort.de\/blog\/wp-content\/uploads\/2010\/10\/Ko\u0308ln_13_Uhr_58_Begleitband_Ausstellung_Verwendung_Commons-Foto_Ekimas_CCBYSA-920x575.jpg 920w, https:\/\/erinnerungshort.de\/blog\/wp-content\/uploads\/2010\/10\/Ko\u0308ln_13_Uhr_58_Begleitband_Ausstellung_Verwendung_Commons-Foto_Ekimas_CCBYSA.jpg 1600w\" sizes=\"auto, (max-width: 300px) 100vw, 300px\" \/><figcaption id=\"caption-attachment-1000\" class=\"wp-caption-text\">Derivat von: Ekimas, <a href=\"https:\/\/creativecommons.org\/licenses\/by-sa\/2.0\/deed.de\" target=\"_blank\" rel=\"noopener\">CC-BY SA 2.0<\/a><\/figcaption><\/figure>\n<p>Was mich heute abend noch erfreut hat: Gleich zu Beginn habe ich den Ausstellungsband erworben, weil ich wei\u00df, wie schnell das Zeug immer ausverkauft ist. Gewohnheitsgem\u00e4\u00df von hinten durch den Bildnachweis gest\u00f6bert und staunend den Eintrag \u201eEkimas, Wikimedia Commons, GNU Free Documentation Licence\u201c entdeckt.<\/p>\n<p>Das Bild hat eine kleine Geschichte: Direkt nach dem Einsturz k\u00fcmmerten sich nat\u00fcrlich zahlreiche Leute um den Artikel zum <a href=\"http:\/\/de.wikipedia.org\/wiki\/Historisches_Archiv_der_Stadt_K&amp;ouml;ln\" target=\"_blank\" rel=\"noopener\">Historischen Archiv<\/a>, nachdem unser <a href=\"http:\/\/de.wikipedia.org\/wiki\/Benutzer:HOWI\" target=\"_blank\" rel=\"noopener\">Benutzer:HOWI<\/a> die historische Grundlage gelegt hatte. Es gab peinlicherweise nicht ein einziges Foto der Au\u00dfenansicht des Geb\u00e4udes auf Commons oder in unserem Privatarchiv, das so unspektakul\u00e4r und unauff\u00e4llig war, da\u00df man es glatt \u00fcbersehen konnte (und wir waren \u00f6fters mal da \u2026). Mein Thunderbird enth\u00e4lt einen kurzen Mailverkehr an Flickr-User \u201eEkimas\u201c, der mir auf meine Anfrage, ob er sein Bild unter eine CC-Lizenz stellen w\u00fcrde, am 5. M\u00e4rz 2009 kurz und knapp \u2013 und irgendwie ziemlich k\u00f6lsch \u2013 antwortete: \u201emach ich&#8230;. weil dus bist&#8230;gr\u00fc\u00dfe vom eigelstein\u201c. So kamen wir \u2013 und dieser Begleitband \u2013 zu einem wundersch\u00f6nen Fassadenfoto, das zeigt, da\u00df das unspektakul\u00e4re Geb\u00e4ude durchaus spannende Elemente hatte (das l\u00e4ngliche sind n\u00e4mlich die L\u00fcftungsschlitze, das Geb\u00e4ude kam ohne Klimaanlage aus). Wie die Redakteure des Ausstellungskataloges auf GFDL als Lizenz gekommen sind, ist mir zwar ein R\u00e4tsel, aber ich finde es beachtlich, da\u00df das Bild dort Einzug gefunden hat. Wer wei\u00df, wozu das noch einmal gut ist \u2026<\/p>\n<p>(elya)<\/p>\n<p>&nbsp;<\/p>\n","protected":false},"excerpt":{"rendered":"<p>Heute abend wurde die Ausstellung \u201eK\u00f6ln 13 Uhr 58 \u2013 Geborgene Sch??tze aus dem Historischen Archiv??? im K\u00f6lnischen Stadtmuseum er??ffnet, was wir uns nat\u00fcrlich nicht haben entgehen lassen. Die Ausstellung zeigt ab morgen einen Querschnitt von bereits&#8230;<\/p>\n","protected":false},"author":6,"featured_media":0,"comment_status":"open","ping_status":"open","sticky":false,"template":"","format":"standard","meta":{"ngg_post_thumbnail":0,"footnotes":""},"categories":[1,57,52],"tags":[],"class_list":{"0":"post-521","1":"post","2":"type-post","3":"status-publish","4":"format-standard","6":"category-allgemein","7":"category-koeln","8":"category-posterous","9":"entry"},"_links":{"self":[{"href":"https:\/\/erinnerungshort.de\/blog\/wp-json\/wp\/v2\/posts\/521","targetHints":{"allow":["GET"]}}],"collection":[{"href":"https:\/\/erinnerungshort.de\/blog\/wp-json\/wp\/v2\/posts"}],"about":[{"href":"https:\/\/erinnerungshort.de\/blog\/wp-json\/wp\/v2\/types\/post"}],"author":[{"embeddable":true,"href":"https:\/\/erinnerungshort.de\/blog\/wp-json\/wp\/v2\/users\/6"}],"replies":[{"embeddable":true,"href":"https:\/\/erinnerungshort.de\/blog\/wp-json\/wp\/v2\/comments?post=521"}],"version-history":[{"count":4,"href":"https:\/\/erinnerungshort.de\/blog\/wp-json\/wp\/v2\/posts\/521\/revisions"}],"predecessor-version":[{"id":1001,"href":"https:\/\/erinnerungshort.de\/blog\/wp-json\/wp\/v2\/posts\/521\/revisions\/1001"}],"wp:attachment":[{"href":"https:\/\/erinnerungshort.de\/blog\/wp-json\/wp\/v2\/media?parent=521"}],"wp:term":[{"taxonomy":"category","embeddable":true,"href":"https:\/\/erinnerungshort.de\/blog\/wp-json\/wp\/v2\/categories?post=521"},{"taxonomy":"post_tag","embeddable":true,"href":"https:\/\/erinnerungshort.de\/blog\/wp-json\/wp\/v2\/tags?post=521"}],"curies":[{"name":"wp","href":"https:\/\/api.w.org\/{rel}","templated":true}]}}