{"id":530,"date":"2008-11-17T13:14:00","date_gmt":"2008-11-17T13:14:00","guid":{"rendered":"http:\/\/erinnerungshort.de\/blog\/workshop-koln-mein-pov"},"modified":"2013-08-17T19:49:44","modified_gmt":"2013-08-17T17:49:44","slug":"workshop-koln-mein-pov","status":"publish","type":"post","link":"https:\/\/erinnerungshort.de\/blog\/workshop-koln-mein-pov\/","title":{"rendered":"Workshop K\u00f6ln: mein POV"},"content":{"rendered":"<p>Da ich vorher nix dazu gebloggt habe, weil ich \u00dcberf\u00fcllung bef\u00fcrchtete, heute meine kleine pers\u00f6nliche R\u00fcckschau auf den <a href=\"http:\/\/de.wikipedia.org\/wiki\/Wikipedia:K&amp;Ouml;LN\">Wikipedia-Workshop K\u00f6ln<\/a>, der von Freitagnachmittag bis gestern Abend in den Clubr\u00e4umen des K\u00f6lner <a href=\"http:\/\/koeln.ccc.de\/\">Chaos Computer Clubs<\/a>&nbsp;stattfand.&nbsp;<\/p>\n<p>Freitagabend war der Anreise gewidmet: war unser Stammtisch-Urgestein Loegge bereits als erster nachmittags an Ort und Stelle, reisten aus Berlin die letzten erst nach 22 Uhr an, einige schafften es sogar erst am Samstag. Einige taten sich schwer, die Clubr\u00e4ume zu finden, was auch damit zu tun hatte, da\u00df es die ber\u00fchmte Wikipedia-Flagge nicht mehr bis K\u00f6ln geschafft hatte. Henriette in ihrer Eigenschaft als Community-Managerin hatte uns mit den Berlinern eine Ladung nigelnagelneue T-Shirts geschickt, mit denen dann eine kleinen Modenschau stattfand: Rot-Gelb-Blau mit unterschiedlich attraktiven Spr\u00fcchen standen zur Wahl. Recht unterschiedlich auch die Bereitschaft der Anwesenden, mal eben vor der versammelten Community&nbsp;\u00f6ffentlich&nbsp;das Shirt zu wechseln ;-) Diskussionen und Nerd-Modeberatung durch anwesende Frauen war inklusive (&bdquo;nein, Mathias, du brauchst wirklich kein XL&ldquo;).&nbsp;<\/p>\n<p>Da unsere \u00dcbernachtungsg\u00e4ste leider alle mehr oder weniger kurzfristig absagen mu\u00dften (diesmal kein Wodka mit Steschke, JC etc. :-(), konnte sich Schwarze Feder an der Luftmatratze und dem kleinsten Bad von K\u00f6ln erfreuen.<\/p>\n<p>Unsere Lieblingsb\u00e4ckerin versorgte uns am Samstagmorgen mit 120 k\u00f6stlichen Br\u00f6tchen, und es ging zur\u00fcck in den Club zum Fr\u00fchst\u00fccken und an die Arbeit: F\u00fcr die Vormittags-Arbeitsgruppe hatte Ziko ein paar \u00dcbungen zum verst\u00e4ndlichen Schreiben vorbereitet, und wir k\u00e4mpften dann wirklich fast eine Stunde um den Einleitungsabschnitt der <a href=\"http:\/\/de.wikipedia.org\/wiki\/Photosynthese\">Photosynthese<\/a>; mir gefiel hier die sehr fruchtbare und intensive Zusammenarbeit von Geistes- und Naturwissenschaftlern. &bdquo;Erkl\u00e4r&#8217;s mir nochmal: was genau wird hier in was verwandelt? Ist der Sauerstoff nicht wichtiger als die Glucose, warum nicht? Was sind h\u00f6here Pflanzen? usw.&ldquo; &ndash; es wurde klar, wie schwierig es ist, die &bdquo;richtigen&ldquo; Worte zu finden. Ein wichtiges Fazit war jedoch auch, da\u00df man zielgruppengerechte Verstehbarkeit bei Spezialartikeln von allgemeiner Laienverst\u00e4ndlichkeit unterscheiden mu\u00df. Bei hochtheoretischen Artikeln aus der Quantenmechanik darf man sicher mehr voraussetzen als bei der genannten Photosynthese, die auch von Sch\u00fclern der Mittelstufe nachlesbar sein sollte. In einem bleibe ich jedoch trotzig: ich als klassische &bdquo;OMA&ldquo; will auch in einem mathematischen Artikel wenigstens den ersten Satz verstehen: worum geht&#8217;s, welches Gebiet, und wozu braucht man das? Anstrengend (die Luft wurde sehr dick&#8230;) aber produktiv. Und die neue Einleitung zur Photosynthese wurde auch nicht direkt revertiert ,-)<\/p>\n<p>Anneke und Schwarze Feder hatten nachmittags ein paar Folien zum Stichwort &bdquo;Nazipedia&ldquo; &ndash; gemeint ist der m\u00f6gliche Einflu\u00df rechtsextremer Kr\u00e4fte auf Wikipedia-Artikel &ndash; vorbereitet und auch hier gab es eine lebhafte Diskussion. Kann man sich komplett auf unsere Richtlinien zu NPOV und reputablen Quellen verlassen und auf die Selbstheilungskraft des Wikiprinzips vertrauen? Oder gilt es, Kr\u00e4fte, die nachweislich die Gesellschaft spalten und Minderheiten ausgrenzen wollen, aktiv auszugrenzen, damit (u.a.) nicht andere Gruppen (und Einzelpersonen, z.B. durch Zerm\u00fcrbung) dadurch ausgegrenzt werden und so der strukturelle Bias sich versch\u00e4rft? Die Meinungen dar\u00fcber gingen durchaus auseinander, aber es wurden Ideen,&nbsp;Anregungen und&nbsp;Literatur ausgetauscht. Im nachhinein betrachtet, h\u00e4tte ich mir ein wenig mehr konkrete Beispiele f\u00fcr rechte Einflu\u00dfnahme gew\u00fcnscht, um ein mehr &bdquo;Fleisch&ldquo; in die Diskussion zu bringen.&nbsp;<\/p>\n<p>Es war schon gegen 18 Uhr, als Lyzzy und Raymond noch erstaunlich viele Zuh\u00f6rer zum Thema Support-Team hatten &ndash; Anfang n\u00e4chsten Jahres soll es \u00fcbrigens f\u00fcr Interessierte einen Schnupper-Workshop geben, wo man die Arbeit mal etwas intensiver kennenlernen kann.&nbsp;<\/p>\n<p>Trotz dicker Luft und einsetzender M\u00fcdigkeit ging es munter weiter. H\u00f6hepunkt des Abends das freie Vortragen von lyrischen und weniger lyrischen Texten von Sokrates \u00fcber Schiller und Schwarze Feder bis Sido. Es war diese ganz besondere &bdquo;Workshop&ldquo;-Stimmung, die hier zum Tragen kam, die ich liebe, und deren Essenz man kaum beschreiben kann. Ein Ding daran ist vielleicht, da\u00df sich Leute, die tags\u00fcber noch T\u00fcren schlagen k\u00f6nnen oder sich in Diskussionen hart angehen, abends sehr pers\u00f6nlich gef\u00e4rbte Texte vortragen und einander noch zuh\u00f6ren k\u00f6nnen. Wenn man drei Tage so eng aufeinanderhockt, ver\u00e4ndert sich was (und das ist gut&trade; so!)&nbsp;<\/p>\n<p>Ja, und nach einer kurzen Nacht und ziemlich viel Sand in den Augen und einem Kratzen im Hals begann der Sonntag. Die auf zwei Stunden angesetzten Lightning Talks dehnten sich dann doch auf drei Stunden, w\u00e4hrenddessen schon die ersten abreisen mu\u00dften.<\/p>\n<p>Von der Zusammensetzung fand ich diesmal die vielen Sprachinteressierten sehr sch\u00f6n: Erdal von der kurdischen, Purodha von der ripuarischen, Ziko, maha, Piti&#8230; man hatte sich was zu sagen. Trotzdem auch eine Reihe von technischen Themen f\u00fcr unsere Nerds dabei ;-)&nbsp;<\/p>\n<p>Erdal gr\u00fc\u00dfte uns alle von einem Bekannten aus dem Iran, der sehr begeistert von dem Gedanken war, da\u00df sich Wikipedianer &bdquo;einfach so&ldquo; ein Wochenende zum Arbeiten treffen k\u00f6nnen. Sowas sei in seiner Heimat undenkbar. Womit ich jetzt noch zum Thema Zensur und Grund- und Pers\u00f6nlichkeitsrechte kommen k\u00f6nnte, aber davon haben wir alle am Wochenende wohl genug geh\u00f6rt ,-)&nbsp;<\/p>\n<p>(elya)<\/p>\n","protected":false},"excerpt":{"rendered":"<p>Da ich vorher nix dazu gebloggt habe, weil ich \u00fcberf??llung bef??rchtete, heute meine kleine pers\u00f6nliche R??ckschau auf den Wikipedia-Workshop K\u00f6ln, der von Freitagnachmittag bis gestern Abend in den Clubr??umen des K\u00f6lner Chaos Computer Clubs stattfa&#8230;<\/p>\n","protected":false},"author":6,"featured_media":0,"comment_status":"open","ping_status":"open","sticky":false,"template":"","format":"standard","meta":{"ngg_post_thumbnail":0,"footnotes":""},"categories":[1,57,52,59],"tags":[9,15,47],"class_list":{"0":"post-530","1":"post","2":"type-post","3":"status-publish","4":"format-standard","6":"category-allgemein","7":"category-koeln","8":"category-posterous","9":"category-wikipedia-2","10":"tag-community","11":"tag-wikipedia","12":"tag-workshop","13":"entry"},"_links":{"self":[{"href":"https:\/\/erinnerungshort.de\/blog\/wp-json\/wp\/v2\/posts\/530","targetHints":{"allow":["GET"]}}],"collection":[{"href":"https:\/\/erinnerungshort.de\/blog\/wp-json\/wp\/v2\/posts"}],"about":[{"href":"https:\/\/erinnerungshort.de\/blog\/wp-json\/wp\/v2\/types\/post"}],"author":[{"embeddable":true,"href":"https:\/\/erinnerungshort.de\/blog\/wp-json\/wp\/v2\/users\/6"}],"replies":[{"embeddable":true,"href":"https:\/\/erinnerungshort.de\/blog\/wp-json\/wp\/v2\/comments?post=530"}],"version-history":[{"count":1,"href":"https:\/\/erinnerungshort.de\/blog\/wp-json\/wp\/v2\/posts\/530\/revisions"}],"predecessor-version":[{"id":562,"href":"https:\/\/erinnerungshort.de\/blog\/wp-json\/wp\/v2\/posts\/530\/revisions\/562"}],"wp:attachment":[{"href":"https:\/\/erinnerungshort.de\/blog\/wp-json\/wp\/v2\/media?parent=530"}],"wp:term":[{"taxonomy":"category","embeddable":true,"href":"https:\/\/erinnerungshort.de\/blog\/wp-json\/wp\/v2\/categories?post=530"},{"taxonomy":"post_tag","embeddable":true,"href":"https:\/\/erinnerungshort.de\/blog\/wp-json\/wp\/v2\/tags?post=530"}],"curies":[{"name":"wp","href":"https:\/\/api.w.org\/{rel}","templated":true}]}}