{"id":786,"date":"2013-09-23T17:55:06","date_gmt":"2013-09-23T15:55:06","guid":{"rendered":"http:\/\/erinnerungshort.de\/blog\/?p=786"},"modified":"2013-10-12T16:46:50","modified_gmt":"2013-10-12T14:46:50","slug":"abmahnaerger","status":"publish","type":"post","link":"https:\/\/erinnerungshort.de\/blog\/abmahnaerger\/","title":{"rendered":"Abmahn\u00e4rger"},"content":{"rendered":"<p>Vorhin rief mich ein Vorstandsmitglied eines gemeinn\u00fctzigen Vereins an, der im Bereich der freien Bildungsmaterialien (Stichwort: OER) t\u00e4tig ist. Die erstellten Inhalte werden unter cc-by-sa der \u00d6ffentlichkeit zur Verf\u00fcgung gestellt.<\/p>\n<p>Am Telefon wurde mir folgender Sachverhalt dargelegt: Der Verein hat per Anwalt eine Abmahnung erhalten f\u00fcr die Nutzung eines Fotos aus der Wikipedia, genau genommen Wikimedia Commons. Der Urheber ist ein Fotograf, der regelm\u00e4\u00dfig zur Wikipedia und zu Wikimedia Commons beitr\u00e4gt. Vulgo also ein Wikipedianer. Der Autor f\u00fcr das freie Lehrmaterial hat den Fehler gemacht, die Lizenz nicht einzuhalten, als Quelle nur &#8222;Wikimedia Commons&#8220; angegeben.<!--more--><\/p>\n<p>So weit, so schlecht, da es sich laut Telefongespr\u00e4ch unbestreitbar um eine Verletzung der Creative Commons-Lizenz handelt.<\/p>\n<p>Ich wurde um Rat gefragt, was man da tun k\u00f6nne. Da ich kein Anwalt bin, konnte ich leider nur empfehlen, sich mit einem Anwalt zu besprechen.<\/p>\n<p>\u00dcber diese Geschichte \u00e4rgere ich mich aber ma\u00dflos. Warum kann kein Augenma\u00df gewahrt werden bei der Verfolgung von Lizenzverletzungen? Muss immer direkt mit der vollen rechtlichen Breitseite geschossen werden? Aus eigener Erfahrung, mehrdutzendfach im Monat, wei\u00df ich, dass eine freundliche E-Mail mit der Bitte um Nachbesserung fast immer hilft.<\/p>\n<p>Muss wirklich eine gemeinn\u00fctzige Organisation, die sehr \u00e4hnliche Ziele wie wir Wikipedianer verfolgen, rechtlich so belangt werden?<\/p>\n<p>W\u00fcrde eine Beschr\u00e4nkung von so drastischen rechtlichen Mitteln auf deutlich kommerzielle Lizenzverletzter uns Wikipedianer nicht besser zu Gesicht stehen?<\/p>\n<p>Ich \u00e4rgere mich immer noch!<\/p>\n","protected":false},"excerpt":{"rendered":"<p>Vorhin rief mich ein Vorstandsmitglied eines gemeinn\u00fctzigen Vereins an, der im Bereich der freien Bildungsmaterialien (Stichwort: OER) t\u00e4tig ist. Die erstellten Inhalte werden unter cc-by-sa der \u00d6ffentlichkeit zur Verf\u00fcgung gestellt. Am Telefon wurde mir folgender Sachverhalt dargelegt: Der Verein hat per Anwalt eine Abmahnung erhalten f\u00fcr die Nutzung eines Fotos aus der Wikipedia, genau genommen <a href=\"https:\/\/erinnerungshort.de\/blog\/abmahnaerger\/\" class=\"more-link\">&hellip; <span class=\"screen-reader-text\">Abmahn\u00e4rger weiterlesen<\/span><\/a><\/p>\n","protected":false},"author":5,"featured_media":0,"comment_status":"open","ping_status":"open","sticky":false,"template":"","format":"standard","meta":{"ngg_post_thumbnail":0,"footnotes":""},"categories":[1],"tags":[],"class_list":{"0":"post-786","1":"post","2":"type-post","3":"status-publish","4":"format-standard","6":"category-allgemein","7":"entry"},"_links":{"self":[{"href":"https:\/\/erinnerungshort.de\/blog\/wp-json\/wp\/v2\/posts\/786","targetHints":{"allow":["GET"]}}],"collection":[{"href":"https:\/\/erinnerungshort.de\/blog\/wp-json\/wp\/v2\/posts"}],"about":[{"href":"https:\/\/erinnerungshort.de\/blog\/wp-json\/wp\/v2\/types\/post"}],"author":[{"embeddable":true,"href":"https:\/\/erinnerungshort.de\/blog\/wp-json\/wp\/v2\/users\/5"}],"replies":[{"embeddable":true,"href":"https:\/\/erinnerungshort.de\/blog\/wp-json\/wp\/v2\/comments?post=786"}],"version-history":[{"count":2,"href":"https:\/\/erinnerungshort.de\/blog\/wp-json\/wp\/v2\/posts\/786\/revisions"}],"predecessor-version":[{"id":789,"href":"https:\/\/erinnerungshort.de\/blog\/wp-json\/wp\/v2\/posts\/786\/revisions\/789"}],"wp:attachment":[{"href":"https:\/\/erinnerungshort.de\/blog\/wp-json\/wp\/v2\/media?parent=786"}],"wp:term":[{"taxonomy":"category","embeddable":true,"href":"https:\/\/erinnerungshort.de\/blog\/wp-json\/wp\/v2\/categories?post=786"},{"taxonomy":"post_tag","embeddable":true,"href":"https:\/\/erinnerungshort.de\/blog\/wp-json\/wp\/v2\/tags?post=786"}],"curies":[{"name":"wp","href":"https:\/\/api.w.org\/{rel}","templated":true}]}}