{"id":794,"date":"2013-10-12T17:47:04","date_gmt":"2013-10-12T15:47:04","guid":{"rendered":"http:\/\/erinnerungshort.de\/blog\/?p=794"},"modified":"2018-04-20T08:46:04","modified_gmt":"2018-04-20T06:46:04","slug":"der-space","status":"publish","type":"post","link":"https:\/\/erinnerungshort.de\/blog\/der-space\/","title":{"rendered":"Der Space*"},"content":{"rendered":"<p>Eine illustre Runde aus ganz Deutschland, aber mit deutlichem Fokus aus Rheinland\/Ruhrgebiet sowie Berlin\/Dresden, mit einigen Einsprengseln aus Norddeutschland und \u00fcbertragenen \u201eGr\u00fc\u00dfen aus M\u00fcnchen\u201c traf sich letzten Sonntag in der Deutzer Jugendherberge, wo wir \u00fcber ein Thema diskutieren wollten, das als Idee schon seit mindestens Fr\u00fchjahr 2011 herumgeistert, mal mehr, mal weniger: ein echter, Real-Life-Raum, in dem die Community allerlei \u201eSachen machen\u201c kann. F\u00fcr sich selbst, f\u00fcr ausw\u00e4rtige Community-Mitglieder, f\u00fcr und mit der \u201eWelt da drau\u00dfen\u201c&nbsp;und Leute, die vielleicht sogar einfach mal so reinschauen.<\/p>\n<figure id=\"attachment_1010\" aria-describedby=\"caption-attachment-1010\" style=\"width: 550px\" class=\"wp-caption aligncenter\"><img loading=\"lazy\" decoding=\"async\" class=\"wp-image-1010\" src=\"http:\/\/erinnerungshort.de\/blog\/wp-content\/uploads\/2013\/10\/2013-10-06_WMDE_Ko\u0308ln_03-300x224.jpg\" alt=\"\" width=\"550\" height=\"411\" srcset=\"https:\/\/erinnerungshort.de\/blog\/wp-content\/uploads\/2013\/10\/2013-10-06_WMDE_Ko\u0308ln_03-300x224.jpg 300w, https:\/\/erinnerungshort.de\/blog\/wp-content\/uploads\/2013\/10\/2013-10-06_WMDE_Ko\u0308ln_03-768x574.jpg 768w, https:\/\/erinnerungshort.de\/blog\/wp-content\/uploads\/2013\/10\/2013-10-06_WMDE_Ko\u0308ln_03-1024x765.jpg 1024w, https:\/\/erinnerungshort.de\/blog\/wp-content\/uploads\/2013\/10\/2013-10-06_WMDE_Ko\u0308ln_03-1420x1061.jpg 1420w, https:\/\/erinnerungshort.de\/blog\/wp-content\/uploads\/2013\/10\/2013-10-06_WMDE_Ko\u0308ln_03-920x687.jpg 920w, https:\/\/erinnerungshort.de\/blog\/wp-content\/uploads\/2013\/10\/2013-10-06_WMDE_Ko\u0308ln_03.jpg 1600w\" sizes=\"auto, (max-width: 550px) 100vw, 550px\" \/><figcaption id=\"caption-attachment-1010\" class=\"wp-caption-text\">Morgendliche Vorstellungsrunde im Workshop mit geographischer Verteilung. Foto: Ziko van Dijk, CC-BY-SA<\/figcaption><\/figure>\n<p><!--more-->Als \u201eMama des K\u00f6lner Stammtisches\u201c war ich von Beginn an zwiegespalten, was ich davon halten sollte. Einerseits habe ich sofort ein Bild vor mir, wie man gemeinsam \u201eDinge tut\u201c in einem gem\u00fctlichen und zweckm\u00e4\u00dfig eingerichteten Lokal irgendwo in einem netten Veedel von K\u00f6ln. Die teils schwierige Raumsuche oder das Wohnzimmer-Aufr\u00e4umen f\u00fcr Zedler-Jurytreffen, Schreibwettbewerbs-Jurytreffen, Lokale WLM-Jurytreffen, WLM-international-Evaluationstreffen, Radio-Interviews, K\u00f6ln-Workshops, Live-Wikipedia-Nachhilfe, tempor\u00e4re Fotostudios etc. w\u00fcrde wegfallen (das waren jetzt nur die \u201eSachen\u201c, bei denen ich pers\u00f6nlich involviert war und an die ich mich erinnere).<\/p>\n<p>Andererseits habe ich vor vielen Jahren bereits einmal \u201eehrenamtlich mit Raum\u201c verbindlichen Dienst getan, und dort war ich auch ein Jahr lang zust\u00e4ndig daf\u00fcr, da\u00df der Raum \u2013&nbsp;ein Ladenlokal \u2013&nbsp;einmal t\u00e4glich 1,5 Std. besetzt war. Es war \u2013&nbsp;trotz einer Gruppe von hochmotivierten Ehrenamtlichen \u2013&nbsp;extrem anstrengend, und am Ende sa\u00df oft ich selbst im Laden, weil ich niemanden gefunden hatte. Die Vorstellung, einen Raum mit verbindlichem Zeitplan mit Ehrenamtlichen \u201ebespielen\u201c&nbsp;zu m\u00fcssen (das h\u00e4ufigste Wort am Sonntag), halte ich f\u00fcr extrem unrealistisch.<\/p>\n<figure id=\"attachment_799\" aria-describedby=\"caption-attachment-799\" style=\"width: 550px\" class=\"wp-caption aligncenter\"><img loading=\"lazy\" decoding=\"async\" class=\"wp-image-799\" src=\"http:\/\/erinnerungshort.de\/blog\/wp-content\/uploads\/2013\/10\/chaosradio_mediawiki-300x243.jpg\" alt=\"\" width=\"550\" height=\"447\" srcset=\"https:\/\/erinnerungshort.de\/blog\/wp-content\/uploads\/2013\/10\/chaosradio_mediawiki-300x243.jpg 300w, https:\/\/erinnerungshort.de\/blog\/wp-content\/uploads\/2013\/10\/chaosradio_mediawiki.jpg 400w\" sizes=\"auto, (max-width: 550px) 100vw, 550px\" \/><figcaption id=\"caption-attachment-799\" class=\"wp-caption-text\">Aufnahme einer Chaosradiosendung zum Thema MediaWiki.<\/figcaption><\/figure>\n<p>Eine weitere Vorstellung waren die Erfahrungen in den ehemaligen K\u00f6lner <a href=\"http:\/\/koeln.ccc.de\/\">C4<\/a>-Clubr\u00e4umen, die eine Zeitlang sogar als <a title=\"Hackerspace Designpatterns von Pylon\" href=\"http:\/\/events.ccc.de\/congress\/2007\/Fahrplan\/attachments\/1003_Building%20a%20Hacker%20Space.pdf\">Muster f\u00fcr weitere Hackerspaces<\/a> dienten. Die waren zu ihrer besten Zeit ziemlich cool und wir haben die <a href=\"https:\/\/de.wikipedia.org\/wiki\/Wikipedia:Workshop_K%C3%B6ln_2006\">K\u00f6ln-Workshops<\/a> mit den sch\u00f6nsten Erinnerungen dort organisiert, aber ich wei\u00df, da\u00df sich im C4 am Ende oft eine einzelne Person mit Putzen oder M\u00fcllraustragen besch\u00e4ftigt hat. Und ich glaubte zu wissen, wer am Ende bei uns den M\u00fcll raustragen w\u00fcrde.<\/p>\n<p>Die Idee waberte aber weiter durch den Raum, hier und da gab es Gespr\u00e4che, und es kam der Gedanke auf, da\u00df ja die von mir bef\u00fcrchtete Last der realen Infrastruktur von WMDE \u00fcbernommen werden k\u00f6nnten, so da\u00df f\u00fcr einzelne, die eh schon eine Menge \u201eDinge tun\u201c, keine zus\u00e4tzliche Arbeit anf\u00e4llt. Z.B. auch mit Leuten, die daf\u00fcr bezahlt werden. Und auch einfach mal zur Probe, um auszuprobieren, was daraus wird. Um das ganze Thema also mal auf etwas breitere F\u00fc\u00dfe zu stellen, und die durch den Raum wabernden Ideen zusammenzuf\u00fchren, gab es also am Sonntag den <a href=\"https:\/\/de.wikipedia.org\/wiki\/Wikipedia:Workshop_K%C3%B6ln\">Workshop<\/a>.<\/p>\n<p>Aufeinander trafen starke Bef\u00fcrworter der Idee, Neugierige, \u201eIch will das auch in meiner Gegend\u201c-Leute, und Skeptikerinnen wie ich, die von der gro\u00dfartigen <a href=\"http:\/\/annalenaschiller.com\/graphic-facilitation\">Anna-Lena Schiller<\/a> durch den Tag moderiert wurden. W\u00e4hrend der Vormittag sich zun\u00e4chst noch nicht so anf\u00fchlte, als k\u00f6nnten wir auch nur ein gemeinsames Ziel f\u00fcr den Tag formulieren und ein bestimmter Herr neben mir ganz zappelig auf dem Stuhl herumrutschte, weil es ihm nicht schnell genug voran ging (nein, das war nicht Achim), hatten wir doch einen ziemlichen Output, wenn es darum ging, was man mit so einem Raum alles anfangen k\u00f6nnte.<\/p>\n<ul>\n<li>Zun\u00e4chst einmal sind wir hier in einem Ballungszentrum. Allein zum K\u00f6lner\n<figure id=\"attachment_1011\" aria-describedby=\"caption-attachment-1011\" style=\"width: 300px\" class=\"wp-caption alignright\"><img loading=\"lazy\" decoding=\"async\" class=\"size-medium wp-image-1011\" src=\"http:\/\/erinnerungshort.de\/blog\/wp-content\/uploads\/2013\/10\/2013-10-06_WMDE_Ko\u0308ln_14-300x224.jpg\" alt=\"\" width=\"300\" height=\"224\" srcset=\"https:\/\/erinnerungshort.de\/blog\/wp-content\/uploads\/2013\/10\/2013-10-06_WMDE_Ko\u0308ln_14-300x224.jpg 300w, https:\/\/erinnerungshort.de\/blog\/wp-content\/uploads\/2013\/10\/2013-10-06_WMDE_Ko\u0308ln_14-768x574.jpg 768w, https:\/\/erinnerungshort.de\/blog\/wp-content\/uploads\/2013\/10\/2013-10-06_WMDE_Ko\u0308ln_14-1024x765.jpg 1024w, https:\/\/erinnerungshort.de\/blog\/wp-content\/uploads\/2013\/10\/2013-10-06_WMDE_Ko\u0308ln_14-1420x1061.jpg 1420w, https:\/\/erinnerungshort.de\/blog\/wp-content\/uploads\/2013\/10\/2013-10-06_WMDE_Ko\u0308ln_14-920x687.jpg 920w, https:\/\/erinnerungshort.de\/blog\/wp-content\/uploads\/2013\/10\/2013-10-06_WMDE_Ko\u0308ln_14.jpg 1600w\" sizes=\"auto, (max-width: 300px) 100vw, 300px\" \/><figcaption id=\"caption-attachment-1011\" class=\"wp-caption-text\">Was man mit einem Community-Space alles anfangen k\u00f6nnte. Vieles gibt es schon, anderes wird erst m\u00f6glich oder vereinfacht durch den Space. Foto: Ziko van Dijk,<a href=\"https:\/\/creativecommons.org\/licenses\/by-sa\/3.0\/deed.de\" target=\"_blank\" rel=\"noopener\"> CC-BY-SA 3.0<\/a><\/figcaption><\/figure>\n<p>Stammtisch kommen regelm\u00e4\u00dfig Leute aus dem Dreieck Aachen \u2013&nbsp;D\u00fcsseldorf \u2013&nbsp;Bonn \u2013 Bergisches Land, das Ruhrgebiet ist nicht weit. Der Raum st\u00fcnde also potentiell einem gro\u00dfen Personenkreis zur Verf\u00fcgung.<\/li>\n<li>\u201eDinge tun\u201c: das Bild zeigt die vielen Ideen \u2013&nbsp;Fokus f\u00fcr mich sind tats\u00e4chlich&nbsp; die bereits existierenden Veranstaltungen (Musketiere, Jurysitzungen aller Art, Orgatreffen, auch Vereinstreffen wie z.B. die Jahresplanvorstellung), generell westlich von Berlin einen Raum zu haben, der f\u00fcr Events aller Art einfach da ist und nicht gesucht werden mu\u00df. Aber auch der Ansatz, da\u00df \u2013&nbsp;wenn der Raum einmal da ist \u2013&nbsp;die Ideen von selbst dazukommen. (siehe auch das <a href=\"http:\/\/events.ccc.de\/congress\/2007\/Fahrplan\/attachments\/1003_Building%20a%20Hacker%20Space.pdf#12\">Chicken-Egg-Problem<\/a> in Pylons Hackerspace-Vortrag, fand ich hilfreich in dem Zusammenhang).<\/li>\n<\/ul>\n<p>Nachmittags kristallisierten sich f\u00fcr mich zwei scheinbar sehr unterschiedliche Szenarien heraus, die wir in Arbeitsgruppen einmal durchspielten. F\u00fcr mich schien das \u2013&nbsp;leicht \u00fcberspitzt&nbsp;\u2013 so auszusehen:<\/p>\n<ul>\n<li>\u201eLadenlokal mit angestelltem Superwikipedianer, der einem hereinstr\u00f6menden Laufpublikum f\u00fcr alle Fragen \u2013&nbsp;von Newbie-Aufnahme \u00fcber Urheberrecht bis <a href=\"de.wikipedia.org\/wiki\/WP:BIO\">WP:BIO<\/a> \u2013&nbsp;zur Verf\u00fcgung steht und auch den M\u00fcll raustr\u00e4gt. Und die Community macht ihr Ding.\u201c<\/li>\n<li>\u201eEine Art Community-Clubr\u00e4ume f\u00fcr Veranstaltungen, unterst\u00fctzt durch einen Pf\u00f6rtner oder Hausmeister, der sich um Orgakram, Schl\u00fcsselverwaltung und Putzen k\u00fcmmert\u201c<\/li>\n<\/ul>\n<p>Wir gingen also in drei Arbeitsgruppen, von denen sich zwei mit diesen Szenarien&nbsp; besch\u00e4ftigen sollten. Auch im Hinterkopf, da\u00df die beiden L\u00f6sungen sich ja nicht ausschlie\u00dfen, sondern sich eines aus dem anderen entwickeln k\u00f6nnte. Die dritte Arbeitsgruppe war mehr f\u00fcrs Strategische zust\u00e4ndig: wie geht man vor, was w\u00e4ren die n\u00e4chsten Schritte, was ist zu beachten etc.<\/p>\n<figure id=\"attachment_1012\" aria-describedby=\"caption-attachment-1012\" style=\"width: 551px\" class=\"wp-caption aligncenter\"><img loading=\"lazy\" decoding=\"async\" class=\"wp-image-1012\" src=\"http:\/\/erinnerungshort.de\/blog\/wp-content\/uploads\/2013\/10\/Workshop_Spionagebild-300x225.jpg\" alt=\"\" width=\"551\" height=\"413\" srcset=\"https:\/\/erinnerungshort.de\/blog\/wp-content\/uploads\/2013\/10\/Workshop_Spionagebild-300x225.jpg 300w, https:\/\/erinnerungshort.de\/blog\/wp-content\/uploads\/2013\/10\/Workshop_Spionagebild-768x576.jpg 768w, https:\/\/erinnerungshort.de\/blog\/wp-content\/uploads\/2013\/10\/Workshop_Spionagebild-1024x768.jpg 1024w, https:\/\/erinnerungshort.de\/blog\/wp-content\/uploads\/2013\/10\/Workshop_Spionagebild-1420x1065.jpg 1420w, https:\/\/erinnerungshort.de\/blog\/wp-content\/uploads\/2013\/10\/Workshop_Spionagebild-920x690.jpg 920w, https:\/\/erinnerungshort.de\/blog\/wp-content\/uploads\/2013\/10\/Workshop_Spionagebild.jpg 1600w\" sizes=\"auto, (max-width: 551px) 100vw, 551px\" \/><figcaption id=\"caption-attachment-1012\" class=\"wp-caption-text\">K\u00f6ln-Workshop 2006 \u2013 R\u00e4ume des Chaos Computer Clubs, nicht mehr verf\u00fcgbar. Foto: Superbass, <a href=\"https:\/\/creativecommons.org\/licenses\/by-sa\/3.0\/deed.de\" target=\"_blank\" rel=\"noopener\">CC-BY-SA 3.0<\/a><\/figcaption><\/figure>\n<p>Das f\u00fcr mich Erstaunliche war, da\u00df die beiden Szenarien am Ende gar nicht so weit auseinanderlagen: den Superwikipedianer f\u00fcrs Laufpublikum hatte sich in Luft aufgel\u00f6st, aber \u201ewenn mal jemand klingelt\u201c, sollte auch ein m\u00f6glicherweise anwesender Nicht-Ehrenamtler in der Lage sein, Fragen weiterzuleiten oder den Besucher an die richtigen Stellen zu verweisen. Die gew\u00fcnschte Raumgr\u00f6\u00dfe unterschied sich kaum in den zwei Gruppen. Die Anforderungen an den Raum waren \u00e4hnlich. Telefon oder nicht (wer h\u00f6rt den AB ab?), aber das sind ja bereits Details.<\/p>\n<figure id=\"attachment_798\" aria-describedby=\"caption-attachment-798\" style=\"width: 500px\" class=\"wp-caption aligncenter\"><a href=\"http:\/\/erinnerungshort.de\/blog\/wp-content\/uploads\/2013\/10\/sw-jury-2009-2.jpg\"><img loading=\"lazy\" decoding=\"async\" class=\"size-full wp-image-798\" src=\"http:\/\/erinnerungshort.de\/blog\/wp-content\/uploads\/2013\/10\/sw-jury-2009-2.jpg\" alt=\"Schreibwettbewerbs-Jury 2009 \u2013&nbsp;privat organisierte B\u00fcror\u00e4ume\" width=\"500\" height=\"331\" srcset=\"https:\/\/erinnerungshort.de\/blog\/wp-content\/uploads\/2013\/10\/sw-jury-2009-2.jpg 500w, https:\/\/erinnerungshort.de\/blog\/wp-content\/uploads\/2013\/10\/sw-jury-2009-2-300x198.jpg 300w\" sizes=\"auto, (max-width: 500px) 100vw, 500px\" \/><\/a><figcaption id=\"caption-attachment-798\" class=\"wp-caption-text\">Schreibwettbewerbs-Jury 2009 \u2013&nbsp;privat organisierte B\u00fcror\u00e4ume<\/figcaption><\/figure>\n<p>Bleiben die Fragen, die anderswo stark problematisiert gesehen wurde: wie sehen die Strukturen aus? Wer tr\u00e4gt Verantwortung? Wer ist gegen\u00fcber wem weisungsbefugt? Was passiert, wenn sich die ma\u00dfgeblichen ehrenamtlichen Protagonisten vor Ort, die sich alle auf ewige Zeit liebhaben, doch einmal unvers\u00f6hnlich verkrachen? Budget? Hier wollen wir weitere Gespr\u00e4che ansetzen, weitestgehender Konsens war jedoch, keinen unn\u00f6tigen strukturellen Ballast aufzubauen. Man erinnert sich: Es soll f\u00fcr die lokale Community einfacher, nicht komplizierter werden.<\/p>\n<figure id=\"attachment_1013\" aria-describedby=\"caption-attachment-1013\" style=\"width: 550px\" class=\"wp-caption aligncenter\"><img loading=\"lazy\" decoding=\"async\" class=\"wp-image-1013\" src=\"http:\/\/erinnerungshort.de\/blog\/wp-content\/uploads\/2013\/10\/Wissenswert_Tonstudio_fu\u0308r_Freies_Wissen_Ko\u0308ln_2-300x186.jpg\" alt=\"\" width=\"550\" height=\"341\" srcset=\"https:\/\/erinnerungshort.de\/blog\/wp-content\/uploads\/2013\/10\/Wissenswert_Tonstudio_fu\u0308r_Freies_Wissen_Ko\u0308ln_2-300x186.jpg 300w, https:\/\/erinnerungshort.de\/blog\/wp-content\/uploads\/2013\/10\/Wissenswert_Tonstudio_fu\u0308r_Freies_Wissen_Ko\u0308ln_2-768x476.jpg 768w, https:\/\/erinnerungshort.de\/blog\/wp-content\/uploads\/2013\/10\/Wissenswert_Tonstudio_fu\u0308r_Freies_Wissen_Ko\u0308ln_2-1024x635.jpg 1024w, https:\/\/erinnerungshort.de\/blog\/wp-content\/uploads\/2013\/10\/Wissenswert_Tonstudio_fu\u0308r_Freies_Wissen_Ko\u0308ln_2-1420x881.jpg 1420w, https:\/\/erinnerungshort.de\/blog\/wp-content\/uploads\/2013\/10\/Wissenswert_Tonstudio_fu\u0308r_Freies_Wissen_Ko\u0308ln_2-920x571.jpg 920w, https:\/\/erinnerungshort.de\/blog\/wp-content\/uploads\/2013\/10\/Wissenswert_Tonstudio_fu\u0308r_Freies_Wissen_Ko\u0308ln_2.jpg 1599w\" sizes=\"auto, (max-width: 550px) 100vw, 550px\" \/><figcaption id=\"caption-attachment-1013\" class=\"wp-caption-text\">Tonaufnahme f\u00fcr Wikisource \u2013 im privaten Wohnzimmer.<\/figcaption><\/figure>\n<p>Meine Vision w\u00e4re ein Raum, der f\u00fcr kreative Dinge \u2013&nbsp;die jetzt bereits passieren, von denen es aber mehr und mehr gibt \u2013 unkompliziert bereitsteht, und zwar von der und f\u00fcr die Community. Und von WMDE macht das, was es auf Wunsch fast immer macht bei Community-Aktivit\u00e4ten: es bietet den ben\u00f6tigten rechtlichen Rahmen, unterst\u00fctzt Orga und Infrastruktur. Wenn ich f\u00fcr <a href=\"https:\/\/de.wikipedia.org\/wiki\/Wikipedia:Wiki_Loves_Monuments_K%C3%B6ln\">WLM K\u00f6ln<\/a> einen Laserdrucker, Rollups, Infomaterial und 100 Euro f\u00fcr Verbrauchsmaterial brauche, schreibe ich eine Mail an community@wikimedia.de und am \u00fcbern\u00e4chsten Tag ist das Paket bei mir. Warum soll das nicht mit einem Raum \u00e4hnlich funktionieren? W\u00fcrde gerne mal wieder ein paar Artikel gemeinsam vertonen, aber wo machen wir das? Der Schrank in unserem Schlafzimmer quillt \u00fcber mit Flyern, Lanyards und Schulungsmaterial, wohin damit? Ihr wi\u00dft noch nicht, wo das n\u00e4chste <a href=\"de.wikipedia.org\/wiki\/Wikipedia:Musketiere\">Musketiertreffen<\/a> stattfinden soll? Kommt doch einfach in den Space.<\/p>\n<p>Ich denke, es k\u00f6nnte eine Chance sein, Engagierten ihr Engagement einfacher zu machen. Wir werden es ausprobieren m\u00fcssen, dann wissen wir, ob es funktioniert. Wenn es nicht funktioniert, lassen wir es wieder bleiben \u2013 aber wir haben etwas gelernt.<\/p>\n<p>* Disclaimer: auch diese Darstellung ist POV, und der geh\u00f6rt mir ganz allein.<\/p>\n<p>&nbsp;<\/p>\n<p>Bildlizenz: <a href=\"https:\/\/creativecommons.org\/licenses\/by-sa\/3.0\/deed.de\">CC-BY-SA 3.0<\/a><\/p>\n","protected":false},"excerpt":{"rendered":"<p>Eine illustre Runde aus ganz Deutschland, aber mit deutlichem Fokus aus Rheinland\/Ruhrgebiet sowie Berlin\/Dresden, mit einigen Einsprengseln aus Norddeutschland und \u00fcbertragenen \u201eGr\u00fc\u00dfen aus M\u00fcnchen\u201c traf sich letzten Sonntag in der Deutzer Jugendherberge, wo wir \u00fcber ein Thema diskutieren wollten, das als Idee schon seit mindestens Fr\u00fchjahr 2011 herumgeistert, mal mehr, mal weniger: ein echter, Real-Life-Raum, <a href=\"https:\/\/erinnerungshort.de\/blog\/der-space\/\" class=\"more-link\">&hellip; <span class=\"screen-reader-text\">Der Space* weiterlesen<\/span><\/a><\/p>\n","protected":false},"author":6,"featured_media":0,"comment_status":"open","ping_status":"open","sticky":false,"template":"","format":"standard","meta":{"ngg_post_thumbnail":0,"footnotes":""},"categories":[57],"tags":[9,63,51,47],"class_list":{"0":"post-794","1":"post","2":"type-post","3":"status-publish","4":"format-standard","6":"category-koeln","7":"tag-community","8":"tag-communityspace","9":"tag-koelle","10":"tag-workshop","11":"entry"},"_links":{"self":[{"href":"https:\/\/erinnerungshort.de\/blog\/wp-json\/wp\/v2\/posts\/794","targetHints":{"allow":["GET"]}}],"collection":[{"href":"https:\/\/erinnerungshort.de\/blog\/wp-json\/wp\/v2\/posts"}],"about":[{"href":"https:\/\/erinnerungshort.de\/blog\/wp-json\/wp\/v2\/types\/post"}],"author":[{"embeddable":true,"href":"https:\/\/erinnerungshort.de\/blog\/wp-json\/wp\/v2\/users\/6"}],"replies":[{"embeddable":true,"href":"https:\/\/erinnerungshort.de\/blog\/wp-json\/wp\/v2\/comments?post=794"}],"version-history":[{"count":10,"href":"https:\/\/erinnerungshort.de\/blog\/wp-json\/wp\/v2\/posts\/794\/revisions"}],"predecessor-version":[{"id":1049,"href":"https:\/\/erinnerungshort.de\/blog\/wp-json\/wp\/v2\/posts\/794\/revisions\/1049"}],"wp:attachment":[{"href":"https:\/\/erinnerungshort.de\/blog\/wp-json\/wp\/v2\/media?parent=794"}],"wp:term":[{"taxonomy":"category","embeddable":true,"href":"https:\/\/erinnerungshort.de\/blog\/wp-json\/wp\/v2\/categories?post=794"},{"taxonomy":"post_tag","embeddable":true,"href":"https:\/\/erinnerungshort.de\/blog\/wp-json\/wp\/v2\/tags?post=794"}],"curies":[{"name":"wp","href":"https:\/\/api.w.org\/{rel}","templated":true}]}}