{"id":941,"date":"2015-03-18T10:12:56","date_gmt":"2015-03-18T08:12:56","guid":{"rendered":"http:\/\/erinnerungshort.de\/blog\/?p=941"},"modified":"2018-04-20T08:06:43","modified_gmt":"2018-04-20T06:06:43","slug":"1-2-3-museen-wikipedia","status":"publish","type":"post","link":"https:\/\/erinnerungshort.de\/blog\/1-2-3-museen-wikipedia\/","title":{"rendered":"1-2-3: Museen &#038; Wikipedia"},"content":{"rendered":"<figure id=\"attachment_1042\" aria-describedby=\"caption-attachment-1042\" style=\"width: 550px\" class=\"wp-caption aligncenter\"><a href=\"https:\/\/commons.wikimedia.org\/wiki\/File:Kunst-_und_Ausstellungshalle_der_Bundesrepublik_Deutschland_-_Bundeskunsthalle-9245.jpg\"><img loading=\"lazy\" decoding=\"async\" class=\"wp-image-1042\" src=\"http:\/\/erinnerungshort.de\/blog\/wp-content\/uploads\/2015\/03\/Kunst-_und_Ausstellungshalle_der_Bundesrepublik_Deutschland_-_Bundeskunsthalle-9245-300x128.jpg\" alt=\"\" width=\"550\" height=\"234\" srcset=\"https:\/\/erinnerungshort.de\/blog\/wp-content\/uploads\/2015\/03\/Kunst-_und_Ausstellungshalle_der_Bundesrepublik_Deutschland_-_Bundeskunsthalle-9245-300x128.jpg 300w, https:\/\/erinnerungshort.de\/blog\/wp-content\/uploads\/2015\/03\/Kunst-_und_Ausstellungshalle_der_Bundesrepublik_Deutschland_-_Bundeskunsthalle-9245-768x327.jpg 768w, https:\/\/erinnerungshort.de\/blog\/wp-content\/uploads\/2015\/03\/Kunst-_und_Ausstellungshalle_der_Bundesrepublik_Deutschland_-_Bundeskunsthalle-9245-1024x435.jpg 1024w, https:\/\/erinnerungshort.de\/blog\/wp-content\/uploads\/2015\/03\/Kunst-_und_Ausstellungshalle_der_Bundesrepublik_Deutschland_-_Bundeskunsthalle-9245-1420x604.jpg 1420w, https:\/\/erinnerungshort.de\/blog\/wp-content\/uploads\/2015\/03\/Kunst-_und_Ausstellungshalle_der_Bundesrepublik_Deutschland_-_Bundeskunsthalle-9245-920x391.jpg 920w, https:\/\/erinnerungshort.de\/blog\/wp-content\/uploads\/2015\/03\/Kunst-_und_Ausstellungshalle_der_Bundesrepublik_Deutschland_-_Bundeskunsthalle-9245.jpg 1599w\" sizes=\"auto, (max-width: 550px) 100vw, 550px\" \/><\/a><figcaption id=\"caption-attachment-1042\" class=\"wp-caption-text\">Bundeskunsthalle<\/figcaption><\/figure>\n<p>1 Thema, 2 Vortr\u00e4ge, 3 Stunden: Auf Einladung des Landschaftsverbandes Rheinland und des Verbandes Rheinischer Museen e.V. durfte ich am 16. M\u00e4rz 2015 in der Kunst- und Ausstellungshalle der Bundesrepublik Deutschland, Bonn (kurz: Bundeskunsthalle) einen Vortrag zum Thema \u201eMuseen &amp; Wikipedia\u201c halten. Aufh\u00e4nger war die <a title=\"Wikipedia:Outer Space (Bundeskunsthalle)\" href=\"\/\/de.wikipedia.org\/wiki\/Wikipedia:Outer_Space_%28Bundeskunsthalle%29\">Outer Space-Schreibwerkstatt<\/a> der Wikipedia 2014 in der Bundeskunsthalle.<\/p>\n<p><!--more--><\/p>\n<p>Gekommen war ca. 25 Museumsmitarbeiterinnen und Mitarbeiter, denen ich im ersten Teil in einer knappen halben Stunde die Grundlagen der Wikipedia darstellte. Einige wenige hatten bereits erste Gehversuche in der Wikipedia hinter sich, die meisten m\u00f6chten gerne in der Zukunft selber die Wikipedia mitgestalten, in der Regel nat\u00fcrlich an \u201eihren\u201c Museumsartikeln :-) Wie meinen <a title=\"PDF des Vortrags\" href=\"https:\/\/commons.wikimedia.org\/w\/index.php?title=File:LVR_1-2-3_Bundeskunsthalle_-_Vortrag_Museen_%26_Wikipedia.pdf\">Folien <\/a>entnommen werden kann, habe ich auf den Hinweis auf&nbsp; [[<a title=\"Wikipedia:Interessenkonflikt\" href=\"https:\/\/de.wikipedia.org\/wiki\/Wikipedia:Interessenkonflikt\">WP:IK|Interessenkonflikte<\/a>]] und die Paid-Editing-Regeln nicht ausgeklammert.<\/p>\n<p>Danach berichtete Laura Held, Leiterin der Bundeskunsthallen-Bibliothek, von der Outer Space-Schreibwerkstatt mit vorgelagertem Urheberrechts-Vortrag und nachfolgender Fotoexursion (dazu wird es sp\u00e4ter einen separaten Blogbeitrag geben) in sehr offener, kritischer, dennoch im Ergebnis positiver Weise.<\/p>\n<figure id=\"attachment_1044\" aria-describedby=\"caption-attachment-1044\" style=\"width: 549px\" class=\"wp-caption aligncenter\"><a href=\"https:\/\/commons.wikimedia.org\/w\/index.php?title=File:LVR_1-2-3_Bundeskunsthalle_-_Vortrag_Museen_%26_Wikipedia.pdf\"><img loading=\"lazy\" decoding=\"async\" class=\"wp-image-1044\" src=\"http:\/\/erinnerungshort.de\/blog\/wp-content\/uploads\/2015\/03\/LVR_1-2-3_Bundeskunsthalle_-_Vortrag_Museen__Wikipedia.pdf-300x225.jpg\" alt=\"\" width=\"549\" height=\"412\" srcset=\"https:\/\/erinnerungshort.de\/blog\/wp-content\/uploads\/2015\/03\/LVR_1-2-3_Bundeskunsthalle_-_Vortrag_Museen__Wikipedia.pdf-300x225.jpg 300w, https:\/\/erinnerungshort.de\/blog\/wp-content\/uploads\/2015\/03\/LVR_1-2-3_Bundeskunsthalle_-_Vortrag_Museen__Wikipedia.pdf-768x576.jpg 768w, https:\/\/erinnerungshort.de\/blog\/wp-content\/uploads\/2015\/03\/LVR_1-2-3_Bundeskunsthalle_-_Vortrag_Museen__Wikipedia.pdf-1024x768.jpg 1024w, https:\/\/erinnerungshort.de\/blog\/wp-content\/uploads\/2015\/03\/LVR_1-2-3_Bundeskunsthalle_-_Vortrag_Museen__Wikipedia.pdf-1420x1065.jpg 1420w, https:\/\/erinnerungshort.de\/blog\/wp-content\/uploads\/2015\/03\/LVR_1-2-3_Bundeskunsthalle_-_Vortrag_Museen__Wikipedia.pdf-920x690.jpg 920w, https:\/\/erinnerungshort.de\/blog\/wp-content\/uploads\/2015\/03\/LVR_1-2-3_Bundeskunsthalle_-_Vortrag_Museen__Wikipedia.pdf.jpg 1599w\" sizes=\"auto, (max-width: 549px) 100vw, 549px\" \/><\/a><figcaption id=\"caption-attachment-1044\" class=\"wp-caption-text\">PDF des Vortrags<\/figcaption><\/figure>\n<p>Schwerpunkt meines zweiten Vortragsteils war die Fragestellung, wie Museen selber in der Wikipedia mitmachen k\u00f6nnen. Die Punkte k\u00f6nnen <a title=\"PDF des Vortrags\" href=\"https:\/\/commons.wikimedia.org\/w\/index.php?title=File:LVR_1-2-3_Bundeskunsthalle_-_Vortrag_Museen_%26_Wikipedia.pdf\">meinen Folien<\/a> entnommen werden, hier m\u00f6chte ich gezielt auf zwei Sachverhalte eingehen:<\/p>\n<p>1. Es wurde \u00f6fters der Standpunkt vertreten: \u201eWer, wenn nicht ich selber aus dem Museum hat die Fachkenntnisse?\u201c oder anders formuliert: \u201eWieso k\u00f6nnen Fremde einen Artikel \u00fcber unser Museum schreiben?\u201c Hinter diesen Fragestellungen habe ich keinerlei Arroganz oder Besserwisserei vernommen, sondern blo\u00df ehrliche Verwunderung. Dahinter steckte dann auch die Frage nach der Motivation der Wikipedianer.&nbsp; Mehrfach wurde deutlich, dass Informationen gar nicht in einen Artikel einflie\u00dfen d\u00fcrfen, weil diese bisher \u201enur\u201c in den K\u00f6pfen der Mitarbeiter vorhanden sind, jedoch nie publiziert wurden. Gar nicht geplant, wurde die Wikipedia-Richtlinie (keine) [[<a title=\"Wikipedia:Keine Theoriefindung\" href=\"\/\/de.wikipedia.org\/wiki\/Wikipedia:Keine_Theoriefindung\">WP:Theoriefindung<\/a>]] Teil des Vortrages<\/p>\n<p>2. Ein zweiter Punkt, den ich eigentlich nur ganz kurz anschneiden wollte, waren die Urheberrechte. \u201eWikipedia steht unter der CC BY-SA 3.0. Die Bedeutung von BY-SA ist &#8230; \u201c. Punkt. Ende. Aus.<\/p>\n<p>Denkste &#8230;<\/p>\n<p>Urheberrechte ist ein Rucksack (danke an Frau Held f\u00fcr das Bild!), den jeder Museumsmitarbeiter st\u00e4ndig mit sich rumschleppt. Vor allem als Ausstellungs- und Katalogmacher, dann aber auch in Gespr\u00e4chen mit Wikipedianern, ob dieses oder jenes nun fotografiert werden d\u00fcrfe. Als ich mich dann bis zum Pariser Eiffelturm bei n\u00e4chtlicher Beleuchtung und fehlender Panoramafreiheit in Frankreich vergaloppiert hatte, bremste mich Herr Martini vom LVR zu Recht aus und wir kamen darauf zu sprechen, wie gute Wikipedia-Artikel \u00fcber Museen aussehen k\u00f6nnen. (Schm\u00f6ckertipp: <a href=\"https:\/\/de.wikipedia.org\/wiki\/Wikipedia:Exzellente_Artikel\/Kunst_und_Kultur\">Exzellente Wikipedia-Artikel im PortalKunst und Kultur<\/a>)<\/p>\n<p>Alles in allem sehr diskussionsreiche drei Stunden, so wie ich es mag. Monologe sind nicht meins :-)<\/p>\n<p>Im Anschluss an die Veranstaltung gab es dann noch 3 Express-F\u00fchrungen:<\/p>\n<p>1. In 20 Minuten durch die Bibliothek der Bundeskunsthalle. Diese ist \u00f6ffentlich, sogar Ausleihen kann jedermann daraus!<\/p>\n<p>2. In 25 Minuten mit der Kuratorin durch <a href=\"http:\/\/www.bundeskunsthalle.de\/ausstellungen\/der-goettliche.html\">Der G\u00f6ttliche. Hommage an Michelangelo<\/a>. Sehenswert!<\/p>\n<p>3. In weiteren 25 Minuten mit der Kuratorin durch <a href=\"http:\/\/www.bundeskunsthalle.de\/ausstellungen\/petrit-halilaj.html\">Petrit Halilaj: She, fully turning around, became terrestrial<\/a>. G E N I A L, bringt einen zum Nachdenken. Unbedingt ansehen!<\/p>\n<p><em>30. M\u00e4rz, Nachtrag:<\/em> <a href=\"http:\/\/www.lvr.de\/de\/nav_main\/kultur\/berdasdezernat_1\/publizieren_und_informieren\/_1_2_3__\/1_2015.jsp\">Veranstaltung auf Webseite des LVR <\/a>inkl. Folien von Laura Held, Bundeskunsthalle.<\/p>\n","protected":false},"excerpt":{"rendered":"<p>1 Thema, 2 Vortr\u00e4ge, 3 Stunden: Auf Einladung des Landschaftsverbandes Rheinland und des Verbandes Rheinischer Museen e.V. durfte ich am 16. M\u00e4rz 2015 in der Kunst- und Ausstellungshalle der Bundesrepublik Deutschland, Bonn (kurz: Bundeskunsthalle) einen Vortrag zum Thema \u201eMuseen &amp; Wikipedia\u201c halten. Aufh\u00e4nger war die Outer Space-Schreibwerkstatt der Wikipedia 2014 in der Bundeskunsthalle.<\/p>\n","protected":false},"author":5,"featured_media":0,"comment_status":"open","ping_status":"open","sticky":false,"template":"","format":"standard","meta":{"ngg_post_thumbnail":0,"footnotes":""},"categories":[1,58],"tags":[74,76,75,73],"class_list":{"0":"post-941","1":"post","2":"type-post","3":"status-publish","4":"format-standard","6":"category-allgemein","7":"category-glam","8":"tag-bundeskunsthalle","9":"tag-glam","10":"tag-lvr","11":"tag-museum","12":"entry"},"_links":{"self":[{"href":"https:\/\/erinnerungshort.de\/blog\/wp-json\/wp\/v2\/posts\/941","targetHints":{"allow":["GET"]}}],"collection":[{"href":"https:\/\/erinnerungshort.de\/blog\/wp-json\/wp\/v2\/posts"}],"about":[{"href":"https:\/\/erinnerungshort.de\/blog\/wp-json\/wp\/v2\/types\/post"}],"author":[{"embeddable":true,"href":"https:\/\/erinnerungshort.de\/blog\/wp-json\/wp\/v2\/users\/5"}],"replies":[{"embeddable":true,"href":"https:\/\/erinnerungshort.de\/blog\/wp-json\/wp\/v2\/comments?post=941"}],"version-history":[{"count":15,"href":"https:\/\/erinnerungshort.de\/blog\/wp-json\/wp\/v2\/posts\/941\/revisions"}],"predecessor-version":[{"id":1045,"href":"https:\/\/erinnerungshort.de\/blog\/wp-json\/wp\/v2\/posts\/941\/revisions\/1045"}],"wp:attachment":[{"href":"https:\/\/erinnerungshort.de\/blog\/wp-json\/wp\/v2\/media?parent=941"}],"wp:term":[{"taxonomy":"category","embeddable":true,"href":"https:\/\/erinnerungshort.de\/blog\/wp-json\/wp\/v2\/categories?post=941"},{"taxonomy":"post_tag","embeddable":true,"href":"https:\/\/erinnerungshort.de\/blog\/wp-json\/wp\/v2\/tags?post=941"}],"curies":[{"name":"wp","href":"https:\/\/api.w.org\/{rel}","templated":true}]}}