{"id":963,"date":"2015-12-10T22:49:21","date_gmt":"2015-12-10T20:49:21","guid":{"rendered":"http:\/\/erinnerungshort.de\/blog\/?p=963"},"modified":"2018-04-20T08:40:16","modified_gmt":"2018-04-20T06:40:16","slug":"glam-wo-stehen-wir","status":"publish","type":"post","link":"https:\/\/erinnerungshort.de\/blog\/glam-wo-stehen-wir\/","title":{"rendered":"#GLAM &#8211; wo stehen wir?"},"content":{"rendered":"<p><img loading=\"lazy\" decoding=\"async\" class=\"alignright wp-image-1046 size-medium\" src=\"http:\/\/erinnerungshort.de\/blog\/wp-content\/uploads\/2015\/12\/GLAM_logo-e1524206396231-300x132.png\" alt=\"\" width=\"300\" height=\"132\" srcset=\"https:\/\/erinnerungshort.de\/blog\/wp-content\/uploads\/2015\/12\/GLAM_logo-e1524206396231-300x132.png 300w, https:\/\/erinnerungshort.de\/blog\/wp-content\/uploads\/2015\/12\/GLAM_logo-e1524206396231-768x338.png 768w, https:\/\/erinnerungshort.de\/blog\/wp-content\/uploads\/2015\/12\/GLAM_logo-e1524206396231-1024x451.png 1024w, https:\/\/erinnerungshort.de\/blog\/wp-content\/uploads\/2015\/12\/GLAM_logo-e1524206396231-920x405.png 920w, https:\/\/erinnerungshort.de\/blog\/wp-content\/uploads\/2015\/12\/GLAM_logo-e1524206396231.png 1372w\" sizes=\"auto, (max-width: 300px) 100vw, 300px\" \/>Seit mindestens 2007 Jahren schon bin ich als Wikipedianer im Umfeld der GLAMs (Galleries, Libraries, Archives and Museums) in NRW und speziell in K\u00f6ln aktiv.<\/p>\n<p>Angefangen mit der <a href=\"https:\/\/commons.wikimedia.org\/wiki\/Commons:Bundesarchiv\">Bilderspende vom Bundesarchiv<\/a>. In den Folgejahren dann Vortr\u00e4ge \u00fcber die <a href=\"https:\/\/commons.wikimedia.org\/wiki\/File:Museen_%26_Wikipedia_-_Gemeinsam_Kulturgut_digital_sichtbar_machen_-_Tagung_Deutscher_Museumsbund_2014.pdf\">M\u00f6glichkeiten der Zusammenarbeit<\/a> zwischen GLAMs und Wikipedia (inkl. Wikimedia Commons, Wikisource, Wikidata) oder der richtigen Anwendung von <a href=\"https:\/\/commons.wikimedia.org\/wiki\/File:Cologne_Commons_-_Wikimedia_Commons_%26_Freie_Lizenzen.pdf\">Creative Commons-Lizenzen<\/a> beim Landschaftsverband Rheinland (LVR), Landschaftsverband Westfalen-Lippe (LWL), Bundeskunsthalle Bonn, Stadt K\u00f6ln, Deutscher Museumsbund u.v.m. Die Resonanz war eigentlich immer positiv.<!--more--><\/p>\n<p>Aber manchmal frag(t)e ich mich: Wozu das ganze? OK, man kennt mich, wei\u00df meine ehrenamtliche T\u00e4tigkeit einzuordnen; ich durfte an Orten fotografieren, wo das Fotografieren (noch) verboten ist und im Ergebnis sind, so ich hoffe ich, nicht ganz schlechte Fotos f\u00fcr Wikimedia Commons zustande gekommen.<\/p>\n<p>Doch so richtig greifbare Ergebnisse in meinem Umfeld sind leider auch heute noch rar.<\/p>\n<p><strong>Aber Ende November 2015 ging mir ein Licht auf:<\/strong> Einige Wikipedianer waren in der Deutschen Nationalbibliothek (DNB) in Frankfurt zu einem Workshop zusammengekommen. Es ging darum, Bilder- und Datenfreigaben aus dem Coding da Vinci-Hackathon f\u00fcr die Wikimedia-Projekte aufzubereiten. So weit, so gut.<\/p>\n<p><strong>Nun das Licht:<\/strong> Wir waren in die DNB eingeladen worden, weil seit <strong>vielen Jahren<\/strong> an <strong>vielen Orten<\/strong> von <strong>vielen Menschen<\/strong> Kontakte aufgebaut wurden und gepflegt werden (und es ist eine Premiere, dass in der DNB an einem Sonntag gearbeitet werden konnte &#8211; eine gro\u00dfe Wertsch\u00e4tzung f\u00fcr die Wikipedia!).<\/p>\n<p>Es ist das Ergebnis von <strong>kontinuierlicher<\/strong> Arbeit mit Konferenzen wie \u201e<a href=\"http:\/\/www.zugang-gestalten.de\/\">Zugang gestalten! Mehr Verantwortung f\u00fcr das kulturelle Erbe<\/a>\u201c und Hackathons wie \u201e<a href=\"http:\/\/codingdavinci.de\/\">Coding da Vinci<\/a>\u201c von Wikimedia Deutschland als veranstaltender Partner.<\/p>\n<p>Durch die vielf\u00e4ltigen Kontakte von Barbara Fischer, Kuratorin f\u00fcr Kulturpartnerschaften von Wikimedia Deutschland, und ihrer Kollegin Lilli Iliev w\u00e4ren wir heute nicht da, wo wir stehen:<\/p>\n<p style=\"text-align: center;\"><strong>In offenen T\u00fcren!<\/strong><\/p>\n<p><strong>Nun hei\u00dft es: Durchgehen<\/strong> und die m\u00f6glich werdenden Kooperationen mit Leben f\u00fcllen.<\/p>\n<p>Liebe Kolleginnen und Kollegen in der Wikipedia (und Schwesterprojekte) und bei Wikimedia Deutschland:<strong> Nutzen wir die Chancen<\/strong> und arbeiten gemeinsam f\u00fcr einen besseren Zugang f\u00fcr Jedermann zu unserem kulturellen Erbe.<\/p>\n<p><em>Schnitt. Eigentlich sollte hier Schluss sein, aber \u2026<\/em><\/p>\n<p>Der obige Text liegt nun schon einige Tage zum Reifen auf meiner Festplatte. Gestern wurde ich von Mathias Schindler, Mitarbeiter der EP-Abgeordneten Julia Reda, auf einen Antrag der CDU-Fraktion im Landtag von NRW vom 8.12.2015 aufmerksam gemacht:<\/p>\n<blockquote><p><a href=\"https:\/\/www.landtag.nrw.de\/portal\/WWW\/dokumentenarchiv\/Dokument?Id=MMD16\/10422\">\u201eDen Reichtum unserer Museen in Nordrhein-Westfalen durch Digitalisierung besser sichtbar machen\u201d.<\/a><\/p><\/blockquote>\n<p>So weit, so positiv. Das Besondere daran: Der Antrag nimmt ganz konkret Bezug auf die Wikipedia und die M\u00f6glichkeiten einer Zusammenarbeit:<\/p>\n<blockquote><p><strong>\u2026 Auch f\u00fcr besonders markante Museen in Nordrhein-Westfalen w\u00e4re eine Kooperation mit Wikipedia sinnvoll und ein wichtiger Baustein f\u00fcr eine zeitgem\u00e4\u00dfe \u201eDigital-Outreach-Strategie.<\/strong><\/p><\/blockquote>\n<p style=\"text-align: left;\"><strong>Yeah!<\/strong><\/p>\n<p>Ob und welchen Anteil ich mit meinen oben beschrieben Vortr\u00e4gen an dem Antrag habe? Ich wei\u00df es nicht. Vielleicht wirkte der stete Tropfen? Ich w\u00fcrde mich sehr freuen, wenn der Antrag der CDU auch von den anderen demokratischen Parteien angenommen wird und nicht im Parteien-Kleinkrieg (\u00e0 la \u201eWenn die CDU daf\u00fcr ist, m\u00fcssen wir dagegen sein\u201c; dieses Blockdenken kann ich nicht mehr ertragen, liebe Politiker!) zerrieben wird und es zu einer konkreten Zusammenarbeit mit den Wikimedia-Projekten k\u00e4me.<\/p>\n<p>Raimond.<\/p>\n<p>PS: Hier und heute auch mein pers\u00f6nlicher Dank an Barbara und Lilli f\u00fcr die tolle Zusammenarbeit und die Netzwerkarbeit, die ehrenamtlich t\u00e4tige Wikipedianer nur beschr\u00e4nkt h\u00e4tten leisten k\u00f6nnen.<\/p>\n","protected":false},"excerpt":{"rendered":"<p>Seit mindestens 2007 Jahren schon bin ich als Wikipedianer im Umfeld der GLAMs (Galleries, Libraries, Archives and Museums) in NRW und speziell in K\u00f6ln aktiv. Angefangen mit der Bilderspende vom Bundesarchiv. In den Folgejahren dann Vortr\u00e4ge \u00fcber die M\u00f6glichkeiten der Zusammenarbeit zwischen GLAMs und Wikipedia (inkl. Wikimedia Commons, Wikisource, Wikidata) oder der richtigen Anwendung von <a href=\"https:\/\/erinnerungshort.de\/blog\/glam-wo-stehen-wir\/\" class=\"more-link\">&hellip; <span class=\"screen-reader-text\">#GLAM &#8211; wo stehen wir? weiterlesen<\/span><\/a><\/p>\n","protected":false},"author":5,"featured_media":0,"comment_status":"open","ping_status":"open","sticky":false,"template":"","format":"standard","meta":{"ngg_post_thumbnail":0,"footnotes":""},"categories":[1,58],"tags":[],"class_list":{"0":"post-963","1":"post","2":"type-post","3":"status-publish","4":"format-standard","6":"category-allgemein","7":"category-glam","8":"entry"},"_links":{"self":[{"href":"https:\/\/erinnerungshort.de\/blog\/wp-json\/wp\/v2\/posts\/963","targetHints":{"allow":["GET"]}}],"collection":[{"href":"https:\/\/erinnerungshort.de\/blog\/wp-json\/wp\/v2\/posts"}],"about":[{"href":"https:\/\/erinnerungshort.de\/blog\/wp-json\/wp\/v2\/types\/post"}],"author":[{"embeddable":true,"href":"https:\/\/erinnerungshort.de\/blog\/wp-json\/wp\/v2\/users\/5"}],"replies":[{"embeddable":true,"href":"https:\/\/erinnerungshort.de\/blog\/wp-json\/wp\/v2\/comments?post=963"}],"version-history":[{"count":6,"href":"https:\/\/erinnerungshort.de\/blog\/wp-json\/wp\/v2\/posts\/963\/revisions"}],"predecessor-version":[{"id":1048,"href":"https:\/\/erinnerungshort.de\/blog\/wp-json\/wp\/v2\/posts\/963\/revisions\/1048"}],"wp:attachment":[{"href":"https:\/\/erinnerungshort.de\/blog\/wp-json\/wp\/v2\/media?parent=963"}],"wp:term":[{"taxonomy":"category","embeddable":true,"href":"https:\/\/erinnerungshort.de\/blog\/wp-json\/wp\/v2\/categories?post=963"},{"taxonomy":"post_tag","embeddable":true,"href":"https:\/\/erinnerungshort.de\/blog\/wp-json\/wp\/v2\/tags?post=963"}],"curies":[{"name":"wp","href":"https:\/\/api.w.org\/{rel}","templated":true}]}}